{"id":78531,"date":"2020-03-08T14:50:04","date_gmt":"2020-03-08T18:50:04","guid":{"rendered":"https:\/\/linitiative.ca\/International\/une-journee-des-droits-des-femmes-dans-lombre-du-coronavirus\/"},"modified":"2020-03-08T14:50:04","modified_gmt":"2020-03-08T18:50:04","slug":"une-journee-des-droits-des-femmes-dans-lombre-du-coronavirus","status":"publish","type":"post","link":"https:\/\/linitiative.ca\/International\/une-journee-des-droits-des-femmes-dans-lombre-du-coronavirus\/","title":{"rendered":"Une Journ\u00e9e des droits des femmes dans l\u2019ombre du coronavirus"},"content":{"rendered":"<div readability=\"32\">\n<p>Publi\u00e9 le 08.03.2020 \u00e0 19h50 par AFP<\/p>\n<\/div>\n<div readability=\"93\">\n<p>Du Pakistan \u00e0 la Belgique en passant par l\u2019Asie centrale, des milliers de femmes et d\u2019hommes ont manifest\u00e9 dimanche \u00e0 l\u2019occasion de la Journ\u00e9e internationale des droits des femmes, m\u00eame si de nombreux rassemblements avaient \u00e9t\u00e9 annul\u00e9s en raison de l\u2019\u00e9pid\u00e9mie de coronavirus.<\/p>\n<p>\u2013 PAKISTAN<\/p>\n<p>Des milliers de femmes ont d\u00e9fi\u00e9 la soci\u00e9t\u00e9 ultra-patriarcale du Pakistan dans plusieurs villes, aux cris de \u00ab\u00a0Donnez-moi ce qui est \u00e0 moi\u00a0\u00bb et \u00ab\u00a0Nous voulons la libert\u00e9\u00a0\u00bb.<\/p>\n<p>A Islamabad, des conservateurs leur ont lanc\u00e9 des b\u00e2tons et des pierres, blessant certaines et for\u00e7ant d\u2019autres \u00e0 se mettre \u00e0 l\u2019abri jusqu\u2019\u00e0 ce que la police intervienne.<\/p>\n<p>\u2013 PHILIPPINES<\/p>\n<p>A Manille, des centaines de femmes et d\u2019hommes ont br\u00fbl\u00e9 une effigie du pr\u00e9sident philippin Rodrigo Duterte, accus\u00e9 de misogynie.<\/p>\n<p>\u2013 Soudan<\/p>\n<p>Les femmes avaient \u00e9t\u00e9 \u00e0 l\u2019avant-garde de la contestation qui a abouti \u00e0 la chute de Omar el-B\u00e9chir. Onze mois plus tard, des dizaines de militantes soudanaises ont exprim\u00e9 leur d\u00e9ception devant le minist\u00e8re de la Justice \u00e0 Khartoum.<\/p>\n<p>\u2013 Kirghiszstan<\/p>\n<p>La police kirghize a arr\u00eat\u00e9 des dizaines de manifestantes \u2014 officiellement pour les prot\u00e9ger \u2014 apr\u00e8s que des hommes masqu\u00e9s les eurent attaqu\u00e9es, selon un correspondant de l\u2019AFP. Les assaillants ont arrach\u00e9 leurs pancartes et leur ont lanc\u00e9 des \u0153ufs avant de prendre la fuite.<\/p>\n<p>\u2013 Italie<\/p>\n<p>Dans un pays paralys\u00e9 par l\u2019\u00e9pid\u00e9mie de coronavirus, le pr\u00e9sident Sergio Mattarella a dans un message vid\u00e9o \u00ab\u00a0rendu hommage aux femmes, et elles sont nombreuses, qui travaillent dans les h\u00f4pitaux .. dans les \u00ab\u00a0zones rouges\u00a0\u00bb (en quarantaine) pour lutter contre la propagation du virus\u00a0\u00bb.<\/p>\n<p>\u2013 Belgique<\/p>\n<p>Environ 6.300 personnes ont manifest\u00e9 \u00e0 Bruxelles dimanche. Une des associations participantes, le Collecti.e.f 8 mars, a appel\u00e9 les femmes de Belgique \u00e0 arr\u00eater toute forme de travail les 8 et 9 mars, sous le slogan \u00ab\u00a0On s\u2019arr\u00eate toutes, on arr\u00eate tout, on s\u2019arr\u00eate partout\u00a0\u00bb, afin de d\u00e9noncer les in\u00e9galit\u00e9s et la discrimination.<\/p>\n<p>\u2013 France<\/p>\n<p>A Paris, des militantes f\u00e9ministes ont d\u00e9ploy\u00e9 une banderole au pied du Panth\u00e9on, proclamant \u00ab\u00a0Aux femmes, la matrie reconnaissante\u00a0\u00bb.<\/p>\n<p>D\u2019autres manifestantes s\u2019\u00e9taient d\u00e9guis\u00e9es (bleu de travail et fichu rouge) en \u00ab\u00a0Rosie la riveteuse\u00a0\u00bb, \u00ab\u00a0ic\u00f4ne de toutes les travailleuses invisibles\u00a0\u00bb. A 15h40 \u2013 heure th\u00e9orique o\u00f9 les femmes cessent d\u2019\u00eatre r\u00e9mun\u00e9r\u00e9es compte tenu des \u00e9carts de salaires entre les sexes -, elles ont jet\u00e9 leurs gants de m\u00e9nage, mani\u00e8re de protester contre les in\u00e9galit\u00e9s de salaire et de r\u00e9partition des t\u00e2ches m\u00e9nag\u00e8res.<\/p>\n<p>burs\/lch\/avz\/fjb<\/p>\n<\/div>\n<p>Auteur: AFP<br \/>\n<a href=\"https:\/\/www.journalducameroun.com\/une-journee-des-droits-des-femmes-dans-lombre-du-coronavirus\/\">Cliquez ici pour lire l&rsquo;article depuis sa source.<\/a><\/p>\n","protected":false},"excerpt":{"rendered":"<p>Publi\u00e9 le 08.03.2020 \u00e0 19h50 par AFP Du Pakistan \u00e0 la Belgique en passant par l\u2019Asie centrale, des milliers de femmes et d\u2019hommes ont manifest\u00e9 dimanche \u00e0 l\u2019occasion de la Journ\u00e9e internationale des droits des femmes, m\u00eame si de nombreux rassemblements avaient \u00e9t\u00e9 annul\u00e9s en raison de l\u2019\u00e9pid\u00e9mie de coronavirus. \u2013 PAKISTAN Des milliers de [&hellip;]<\/p>\n","protected":false},"author":1965,"featured_media":0,"comment_status":"closed","ping_status":"closed","sticky":false,"template":"","format":"standard","meta":{"fifu_image_url":"","fifu_image_alt":"","footnotes":""},"categories":[73,82],"tags":[],"class_list":["post-78531","post","type-post","status-publish","format-standard","hentry","category-actualite","category-cameroun"],"_links":{"self":[{"href":"https:\/\/linitiative.ca\/International\/wp-json\/wp\/v2\/posts\/78531","targetHints":{"allow":["GET"]}}],"collection":[{"href":"https:\/\/linitiative.ca\/International\/wp-json\/wp\/v2\/posts"}],"about":[{"href":"https:\/\/linitiative.ca\/International\/wp-json\/wp\/v2\/types\/post"}],"author":[{"embeddable":true,"href":"https:\/\/linitiative.ca\/International\/wp-json\/wp\/v2\/users\/1965"}],"replies":[{"embeddable":true,"href":"https:\/\/linitiative.ca\/International\/wp-json\/wp\/v2\/comments?post=78531"}],"version-history":[{"count":0,"href":"https:\/\/linitiative.ca\/International\/wp-json\/wp\/v2\/posts\/78531\/revisions"}],"wp:attachment":[{"href":"https:\/\/linitiative.ca\/International\/wp-json\/wp\/v2\/media?parent=78531"}],"wp:term":[{"taxonomy":"category","embeddable":true,"href":"https:\/\/linitiative.ca\/International\/wp-json\/wp\/v2\/categories?post=78531"},{"taxonomy":"post_tag","embeddable":true,"href":"https:\/\/linitiative.ca\/International\/wp-json\/wp\/v2\/tags?post=78531"}],"curies":[{"name":"wp","href":"https:\/\/api.w.org\/{rel}","templated":true}]}}