{"id":78532,"date":"2020-03-08T15:18:04","date_gmt":"2020-03-08T19:18:04","guid":{"rendered":"https:\/\/linitiative.ca\/International\/les-femmes-tchadiennes-expriment-leurs-talents-a-travers-une-foire\/"},"modified":"2020-03-08T15:18:04","modified_gmt":"2020-03-08T19:18:04","slug":"les-femmes-tchadiennes-expriment-leurs-talents-a-travers-une-foire","status":"publish","type":"post","link":"https:\/\/linitiative.ca\/International\/les-femmes-tchadiennes-expriment-leurs-talents-a-travers-une-foire\/","title":{"rendered":"Les femmes tchadiennes expriment leurs talents \u00e0 travers une Foire"},"content":{"rendered":"<div readability=\"32\">\n<p>Publi\u00e9 le 08.03.2020 \u00e0 20h18 par APA News<\/p>\n<\/div>\n<div readability=\"82\">\n<p>A l\u2019occasion de la Journ\u00e9e Internationale de la Femme cumul\u00e9e \u00e0 la semaine nationale de la femme tchadienne (Senafet), les tchadiennes ont exprim\u00e9 leurs talents de cr\u00e9ativit\u00e9 \u00e0 travers une foire o\u00f9 chacune d\u2019elle a prouv\u00e9 qu\u2019elle \u00e9tait est une battante avec des initiatives nouvelles.Dans la cour de la Maison de la femme de N\u2019Djamena, une centaine de participantes venues de diff\u00e9rents groupements f\u00e9minins, expose dans les stands dress\u00e9s pour l\u2019occasion lors de la semaine nationale de la femme sous le th\u00e8me \u00ab Genre, Enjeux et Perspectives \u00bb.\u00a0<\/p>\n<p>Dans des stands tous en couleur, on vend des colliers, habits, pagnes, confitures \u00e0 base des produits naturels locaux, pommades ou savons \u00e0 base de beurre de karit\u00e9, sirops, c\u00e9ramique, entre autres. Dans une ambiance festive, de petits restaurants sont mont\u00e9s pour satisfaire les visiteurs en repas et boisson.\u00a0<\/p>\n<p>Pendant que les unes s\u2019occupent des clients devant leurs stands, d\u2019autres suivent attentivement, une \u00e9mission de la radio \u00ab la voix de la femme \u00bb sur les droits des femmes diffus\u00e9e sur des haut-parleurs. Profitant de l\u2019occasion, une \u00e9quipe dinfirmiers propose le d\u00e9pistage volontaire du VIH Sida pour les visiteurs.\u00a0<\/p>\n<p>Madame Priscille Amina Longo, directrice g\u00e9n\u00e9rale de la Maison de la Femme ne peut s\u2019emp\u00eacher d\u2019afficher son enthousiasme. D\u2019un c\u00f4t\u00e9 il y a le pavillon pour les entreprises, et de l\u2019autre, celui des artisans. Ils sont occup\u00e9s par des organisations f\u00e9minines de transformation de produits locaux, dit-elle.\u00a0<\/p>\n<p>\u00ab Les gens viennent les d\u00e9couvrir. Cela permet aussi aux partenaires de d\u00e9couvrir les bonnes choses que font les femmes. Le pavillon des entreprises permet de d\u00e9couvrir celles qui font la promotion de la femme. Ce sont plus de 78 participantes qui exposent \u00e0 la foire. Un bon brassage de femmes venant de tous les horizons \u00bb, salue la directrice g\u00e9n\u00e9rale.\u00a0<\/p>\n<p>La foire attire beaucoup de monde. Une occasion pour y organiser des conf\u00e9rences sur des th\u00e8mes li\u00e9s \u00e0 l\u2019implication des femmes dans le d\u00e9veloppement. En plus de cette activit\u00e9 exposant les talents des femmes tchadiennes, il est pr\u00e9vu d\u2019autres manifestations sportives et culturelles selon la directrice.\u00a0<\/p>\n<\/div>\n<p>Auteur: APA News<br \/>\n<a href=\"https:\/\/www.journalducameroun.com\/les-femmes-tchadiennes-expriment-leurs-talents-a-travers-une-foire\/\">Cliquez ici pour lire l&rsquo;article depuis sa source.<\/a><\/p>\n","protected":false},"excerpt":{"rendered":"<p>Publi\u00e9 le 08.03.2020 \u00e0 20h18 par APA News A l\u2019occasion de la Journ\u00e9e Internationale de la Femme cumul\u00e9e \u00e0 la semaine nationale de la femme tchadienne (Senafet), les tchadiennes ont exprim\u00e9 leurs talents de cr\u00e9ativit\u00e9 \u00e0 travers une foire o\u00f9 chacune d\u2019elle a prouv\u00e9 qu\u2019elle \u00e9tait est une battante avec des initiatives nouvelles.Dans la cour [&hellip;]<\/p>\n","protected":false},"author":1965,"featured_media":0,"comment_status":"closed","ping_status":"closed","sticky":false,"template":"","format":"standard","meta":{"fifu_image_url":"","fifu_image_alt":"","footnotes":""},"categories":[73,82],"tags":[],"class_list":["post-78532","post","type-post","status-publish","format-standard","hentry","category-actualite","category-cameroun"],"_links":{"self":[{"href":"https:\/\/linitiative.ca\/International\/wp-json\/wp\/v2\/posts\/78532","targetHints":{"allow":["GET"]}}],"collection":[{"href":"https:\/\/linitiative.ca\/International\/wp-json\/wp\/v2\/posts"}],"about":[{"href":"https:\/\/linitiative.ca\/International\/wp-json\/wp\/v2\/types\/post"}],"author":[{"embeddable":true,"href":"https:\/\/linitiative.ca\/International\/wp-json\/wp\/v2\/users\/1965"}],"replies":[{"embeddable":true,"href":"https:\/\/linitiative.ca\/International\/wp-json\/wp\/v2\/comments?post=78532"}],"version-history":[{"count":0,"href":"https:\/\/linitiative.ca\/International\/wp-json\/wp\/v2\/posts\/78532\/revisions"}],"wp:attachment":[{"href":"https:\/\/linitiative.ca\/International\/wp-json\/wp\/v2\/media?parent=78532"}],"wp:term":[{"taxonomy":"category","embeddable":true,"href":"https:\/\/linitiative.ca\/International\/wp-json\/wp\/v2\/categories?post=78532"},{"taxonomy":"post_tag","embeddable":true,"href":"https:\/\/linitiative.ca\/International\/wp-json\/wp\/v2\/tags?post=78532"}],"curies":[{"name":"wp","href":"https:\/\/api.w.org\/{rel}","templated":true}]}}