{"id":78535,"date":"2020-03-08T17:50:04","date_gmt":"2020-03-08T21:50:04","guid":{"rendered":"https:\/\/linitiative.ca\/International\/journee-mondiale-des-femmes-lespagne-defile-contre-le-patriarcavirus\/"},"modified":"2020-03-08T17:50:04","modified_gmt":"2020-03-08T21:50:04","slug":"journee-mondiale-des-femmes-lespagne-defile-contre-le-patriarcavirus","status":"publish","type":"post","link":"https:\/\/linitiative.ca\/International\/journee-mondiale-des-femmes-lespagne-defile-contre-le-patriarcavirus\/","title":{"rendered":"Journ\u00e9e mondiale des femmes: l\u2019Espagne d\u00e9file contre le \u00ab\u00a0patriarcavirus\u00a0\u00bb"},"content":{"rendered":"<div readability=\"32\">\n<p>Publi\u00e9 le 08.03.2020 \u00e0 22h50 par AFP<\/p>\n<\/div>\n<div readability=\"119\">\n<p>Battant du tambour ou portant des masques chirurgicaux contre le \u00ab\u00a0patriarcavirus\u00a0\u00bb, des centaines de milliers de manifestantes ont d\u00e9ferl\u00e9 dans les rues d\u2019Espagne dimanche pour la journ\u00e9e internationale des droits des Femmes.<\/p>\n<p>\u00ab\u00a0Le machisme tue plus que le coronavirus\u00a0\u00bb, pouvait-on lire sur l\u2019une des pancartes qui \u00e9mergeaient de la mar\u00e9e violette, couleur du f\u00e9minisme, qui a travers\u00e9 Madrid en fin de journ\u00e9e.<\/p>\n<p>Quelque 120.000 personnes ont march\u00e9, cri\u00e9, chant\u00e9 ou dans\u00e9 dans les rues de la capitale pour r\u00e9clamer l\u2019\u00e9galit\u00e9 et la s\u00e9curit\u00e9 pour les femmes du monde entier, selon les chiffres de la pr\u00e9fecture de Madrid, soit nettement moins que les 350.000 recens\u00e9es l\u2019an dernier.<\/p>\n<p>\u00ab\u00a0Cette ann\u00e9e je devais venir avec deux coll\u00e8gues de travail. Mais en fin de compte, elle ne sont pas venues \u00e0 cause du coronavirus. Elles ont des proches fragiles, c\u2019est pour \u00e9viter de possibles contaminations\u00a0\u00bb, a d\u00e9plor\u00e9 comme de nombreuses autres manifestantes la madril\u00e8ne Beatriz Casado Gomez, 59 ans, venue avec ses deux filles.<\/p>\n<p>\u2013 \u00ab\u00a0Machismovirus\u00a0\u00bb \u2013<\/p>\n<p>Mais plut\u00f4t que d\u2019avoir peur du nouveau coronavirus, de nombreuses manifestantes ont r\u00e9cup\u00e9r\u00e9 et d\u00e9tourn\u00e9 l\u2019\u00e9pid\u00e9mie mondiale avec d\u2019autres slogans tels que \u00ab\u00a0Y en a marre de satisfaire le machismovirus\u00a0\u00bb.<\/p>\n<p>\u00ab\u00a0Patriarcavirus\u00a0\u00bb, pouvait-on lire aussi sur le masque sanitaire d\u2019une manifestante, alors que le hashtag #patriarcavirus\u00a0\u00bb est devenu viral sur Twitter apr\u00e8s sa diffusion par un collectif f\u00e9ministe de Madrid cette semaine.<\/p>\n<p>Le chant \u00ab\u00a0Un violeur sur ton chemin\u00a0\u00bb, devenu un hymne f\u00e9ministe viral apr\u00e8s son succ\u00e8s au Chili fin 2019, a lui aussi \u00e9t\u00e9 entonn\u00e9 et chor\u00e9graphi\u00e9 plusieurs fois dans la journ\u00e9e aux quatre coins du pays.<\/p>\n<p>\u00c9tudiante mexicaine de 21 ans \u00e0 Madrid, Lily Quintero, a confi\u00e9 en d\u00e9filant dans le cort\u00e8ge de la capitale qu\u2019elle avait le 8 mars en t\u00eate avant d\u2019arriver en Espagne: \u00ab\u00a0J\u2019avais lu sur les manifestations f\u00e9ministes ici \u00e0 Madrid, surtout le 8 mars. Alors quand j\u2019ai choisi de venir en \u00e9change universitaire, je savais que ce serait une opportunit\u00e9\u00a0\u00bb.<\/p>\n<p>\u2013 L\u2019Espagne comme r\u00e9f\u00e9rence \u2013<\/p>\n<p>En Espagne, le 8 mars est devenu un rendez-vous incontournable pour les f\u00e9ministes depuis 2018 lorsque une gr\u00e8ve massive avait \u00e9t\u00e9 suivie et des centaines de milliers de personnes avaient d\u00e9fil\u00e9 dans les rues.<\/p>\n<p>Cette ann\u00e9e, l\u2019\u00e9dition a \u00e9t\u00e9 marqu\u00e9e par un appel national des organisations f\u00e9ministes \u00e0 \u00ab\u00a0une r\u00e9volte f\u00e9ministe\u00a0\u00bb et \u00ab\u00a0sans fronti\u00e8re\u00a0\u00bb, comprenant notamment des appels \u00e0 un f\u00e9minisme plus inclusif vis-\u00e0-vis des personnes transgenres.<\/p>\n<p>\u00ab\u00a0Avec un p\u00e9nis ou avec un vagin, les femmes sont combatives !\u00a0\u00bb, pouvait-on entendre chant\u00e9 en t\u00eate de cort\u00e8ge. Un appel \u00e0 la solidarit\u00e9 vis-\u00e0-vis des femmes migrantes \u00e0 la fronti\u00e8res greco-turques a \u00e9galement \u00e9t\u00e9 diffus\u00e9 nationalement.<\/p>\n<p>Des dizaines de manifestations ont eu lieu dans tout le pays, et notamment dans les grandes villes comme Barcelone et S\u00e9ville, o\u00f9 elles ont mobilis\u00e9 chaque fois des dizaines de milliers de personnes.<\/p>\n<p>Consid\u00e9r\u00e9e comme pionni\u00e8re depuis l\u2019adoption de la loi de 2004 sur les violences de genre, l\u2019Espagne compte un puissant mouvement f\u00e9ministe et dispose par ailleurs d\u2019un observatoire public de ces crimes et d\u00e9lits qui a comptabilis\u00e9 1.047 f\u00e9minicides dans le pays depuis 2003, dont certains noms d\u00e9passaient de la foule dimanche \u00e0 Madrid.<\/p>\n<\/div>\n<p>Auteur: AFP<br \/>\n<a href=\"https:\/\/www.journalducameroun.com\/journee-mondiale-des-femmes-lespagne-defile-contre-le-patriarcavirus\/\">Cliquez ici pour lire l&rsquo;article depuis sa source.<\/a><\/p>\n","protected":false},"excerpt":{"rendered":"<p>Publi\u00e9 le 08.03.2020 \u00e0 22h50 par AFP Battant du tambour ou portant des masques chirurgicaux contre le \u00ab\u00a0patriarcavirus\u00a0\u00bb, des centaines de milliers de manifestantes ont d\u00e9ferl\u00e9 dans les rues d\u2019Espagne dimanche pour la journ\u00e9e internationale des droits des Femmes. \u00ab\u00a0Le machisme tue plus que le coronavirus\u00a0\u00bb, pouvait-on lire sur l\u2019une des pancartes qui \u00e9mergeaient de [&hellip;]<\/p>\n","protected":false},"author":1965,"featured_media":0,"comment_status":"closed","ping_status":"closed","sticky":false,"template":"","format":"standard","meta":{"fifu_image_url":"","fifu_image_alt":"","footnotes":""},"categories":[73,82],"tags":[],"class_list":["post-78535","post","type-post","status-publish","format-standard","hentry","category-actualite","category-cameroun"],"_links":{"self":[{"href":"https:\/\/linitiative.ca\/International\/wp-json\/wp\/v2\/posts\/78535","targetHints":{"allow":["GET"]}}],"collection":[{"href":"https:\/\/linitiative.ca\/International\/wp-json\/wp\/v2\/posts"}],"about":[{"href":"https:\/\/linitiative.ca\/International\/wp-json\/wp\/v2\/types\/post"}],"author":[{"embeddable":true,"href":"https:\/\/linitiative.ca\/International\/wp-json\/wp\/v2\/users\/1965"}],"replies":[{"embeddable":true,"href":"https:\/\/linitiative.ca\/International\/wp-json\/wp\/v2\/comments?post=78535"}],"version-history":[{"count":0,"href":"https:\/\/linitiative.ca\/International\/wp-json\/wp\/v2\/posts\/78535\/revisions"}],"wp:attachment":[{"href":"https:\/\/linitiative.ca\/International\/wp-json\/wp\/v2\/media?parent=78535"}],"wp:term":[{"taxonomy":"category","embeddable":true,"href":"https:\/\/linitiative.ca\/International\/wp-json\/wp\/v2\/categories?post=78535"},{"taxonomy":"post_tag","embeddable":true,"href":"https:\/\/linitiative.ca\/International\/wp-json\/wp\/v2\/tags?post=78535"}],"curies":[{"name":"wp","href":"https:\/\/api.w.org\/{rel}","templated":true}]}}