{"id":78538,"date":"2020-03-09T09:00:42","date_gmt":"2020-03-09T13:00:42","guid":{"rendered":"https:\/\/linitiative.ca\/International\/hcp-105-millions-de-marocaines-en-dehors-du-marche-du-travail\/"},"modified":"2020-03-09T09:00:42","modified_gmt":"2020-03-09T13:00:42","slug":"hcp-105-millions-de-marocaines-en-dehors-du-marche-du-travail","status":"publish","type":"post","link":"https:\/\/linitiative.ca\/International\/hcp-105-millions-de-marocaines-en-dehors-du-marche-du-travail\/","title":{"rendered":"HCP : 10,5 millions de Marocaines en dehors  du march\u00e9 du travail"},"content":{"rendered":"<p><img decoding=\"async\" class=\"post_layout_5_img\" src=\"http:\/\/aujourdhui.ma\/wp-content\/uploads\/2020\/03\/Population-a\u0302ge\u0301e-de-15-ans-et-plus-en-dehors-du-marche\u0301-de-travail-selon-le-sexe-.jpg?x29840\" alt=\"HCP : 10,5 millions de Marocaines en dehors du march&#xE9; du travail\"\/><\/p>\n<p class=\"p1\"><span class=\"c5\"><strong><span class=\"c4\"><em>Le taux d\u2019activit\u00e9 des femmes n\u2019est que de 21,5% contre 71% pour le sexe masculin<\/em><\/span><\/strong><\/span> <span id=\"more-335893\"\/><\/p>\n<p class=\"p1\"><span class=\"s1\">Le Maroc a c\u00e9l\u00e9br\u00e9 le 8 mars la journ\u00e9e internationale de la femme sous le th\u00e8me \u00abJe suis de la g\u00e9n\u00e9ration \u00e9galit\u00e9: Levez-vous pour les droits des femmes\u00bb. L\u2019occasion pour le Haut-Commissariat au Plan (HCP) de pr\u00e9senter des donn\u00e9es sur la situation de la femme vis-\u00e0-vis du march\u00e9 du travail.<span class=\"Apple-converted-space\">\u00a0<\/span> En 2019, le Maroc comptait 17,9 millions de femmes (50,3%) dont 13,4 millions de femmes sont en \u00e2ge d\u2019activit\u00e9 (15 ans et plus). Sans grande surprise, on note une faible participation des femmes \u00e0 l\u2019activit\u00e9 \u00e9conomique. Le taux d\u2019activit\u00e9 des femmes n\u2019est que de 21,5% contre 71% pour le sexe masculin. Il est plus \u00e9lev\u00e9 en milieu rural qu\u2019en milieu urbain avec respectivement 27,1 et 18,5%.<\/span><\/p>\n<p class=\"p1\"><span class=\"s1\">Les femmes en dehors du march\u00e9 du travail sont au nombre de 10,5 millions, repr\u00e9sentant 78,5% de la population f\u00e9minine \u00e2g\u00e9e de 15 ans et plus (81,5% en milieu urbain et 72,9% en milieu rural). La majorit\u00e9 d\u2019entre elles sont des femmes au foyer (75,2%) ou des \u00e9l\u00e8ves ou \u00e9tudiantes (14,1%). Sur une population active occup\u00e9e de 10,97 millions, le nombre de femmes actives occup\u00e9es est de 2,49 millions ce qui repr\u00e9sente un taux de f\u00e9minisation de l\u2019emploi de 22,7%. Le taux d\u2019emploi des femmes, quant \u00e0 lui, est de 18,6% contre 65,5% parmi les hommes.<\/span><\/p>\n<p class=\"p1\"><span class=\"s1\">Ce taux est plus \u00e9lev\u00e9 en milieu rural avec 26,3% qu\u2019en milieu urbain (14,5%). Il est \u00e9galement plus \u00e9lev\u00e9 parmi les divorc\u00e9es (38,6%) et les c\u00e9libataires (19,3%). A noter que le taux d\u2019emploi f\u00e9minin cro\u00eet avec l\u2019\u00e2ge. Il passe de 8,8% parmi les femmes \u00e2g\u00e9es de 15 \u00e0 24 ans \u00e0 18,7% parmi celles \u00e2g\u00e9es de 45 ans ou plus. Il est de 22,3% parmi les 25 \u00e0 34 ans et de 25,4% parmi les 35 \u00e0 44 ans. Le HCP fait remarquer que les femmes actives occup\u00e9es sont relativement jeunes. 36,2% sont \u00e2g\u00e9es de moins de 35 ans. Elles sont \u00e9galement moins qualifi\u00e9es ; plus de six femmes en emploi sur dix (61%) n\u2019ont aucun dipl\u00f4me, contre 53,8% pour les hommes.<\/span><\/p>\n<p class=\"p2\"><span class=\"s1\"><strong>En ville, les femmes\u00a0<\/strong><\/span><span class=\"s1\"><strong>exercent principalement dans le secteur des \u00abservices\u00bb<\/strong><\/span><\/p>\n<p class=\"p1\"><span class=\"s1\">S\u2019agissant du profil professionnel des femmes en emploi, elles sont plus pr\u00e9sentes dans le secteur de \u00abl\u2019agriculture, for\u00eat et p\u00eache\u00bb avec une part de 46,9%. Le secteur des \u00abservices\u00bb constitue le deuxi\u00e8me secteur pourvoyeur d\u2019emplois pour les femmes avec une proportion de 38,5% et celui de \u00abl\u2019industrie y compris l\u2019artisanat\u00bb contribue avec 14% des postes d\u2019emploi f\u00e9minins.<\/span><\/p>\n<p class=\"p1\"><span class=\"s1\">Il faut toutefois nuancer ces chiffres dans la mesure o\u00f9 cette structure de l\u2019emploi cache des disparit\u00e9s par milieu de r\u00e9sidence. En effet, en milieu rural, la majorit\u00e9 des postes f\u00e9minins rel\u00e8ve de \u00abl\u2019agriculture, for\u00eat et p\u00eache\u00bb (90,7%), alors qu\u2019en milieu urbain, les femmes exercent principalement dans le secteur des \u00abservices\u00bb (71%). L\u2019analyse de la structure des femmes actives occup\u00e9es selon les grands groupes de professions r\u00e9v\u00e8le que plus d\u2019un tiers (37,7%) sont des ouvri\u00e8res ou man\u0153uvres agricoles ou de la p\u00eache.<\/span><\/p>\n<p class=\"p1\"><span class=\"s1\">A noter que 13,2% sont<span class=\"Apple-converted-space\">\u00a0<\/span> des man\u0153uvres non agricoles, manutentionnaires des petits m\u00e9tiers, 11,2% des employ\u00e9es, 10,8% des artisanes ou ouvri\u00e8res qualifi\u00e9es des m\u00e9tiers artisanaux et 9% des exploitantes agricoles, p\u00eacheuses, foresti\u00e8res ou chasseuses. Quant \u00e0 la structure de l\u2019emploi f\u00e9minin selon le statut professionnel, celle-ci diff\u00e8re<span class=\"Apple-converted-space\">\u00a0<\/span> \u00e9galement<span class=\"Apple-converted-space\">\u00a0<\/span> d\u2019un milieu de r\u00e9sidence \u00e0 l\u2019autre. Ainsi, en milieu rural, les femmes sont principalement des aides-familiales (70%) ou ind\u00e9pendantes (19,7%), alors qu\u2019en milieu urbain,plus de 8 femmes actives occup\u00e9es sur 10 (81,2%) sont des salari\u00e9es et 12,2% des ind\u00e9pendantes<\/span><span class=\"s2\">.<\/span><\/p>\n<p class=\"p2\"><strong>Ch\u00f4mage : pr\u00e8s de\u00a0<\/strong><strong>9 femmes sur 10 sont dipl\u00f4m\u00e9es<\/strong><\/p>\n<p class=\"p1\"><span class=\"s1\">Le<\/span> <span class=\"s3\">volume des femmes en situation de ch\u00f4mage s\u2019\u00e9tablit \u00e0 388.000 personnes ou 35% du volume global du ch\u00f4mage. Pr\u00e8s de 8 femmes en ch\u00f4mage sur 10 (82,6%) sont \u00e2g\u00e9es de moins de 35 ans et pr\u00e8s de 9 sur 10 (88,1%) sont dipl\u00f4m\u00e9es.<span class=\"Apple-converted-space\">\u00a0<\/span> L\u2019analyse du profil des femmes en ch\u00f4mage r\u00e9v\u00e8le aussi que les trois-quarts de ces derni\u00e8res (75,9% contre 63,5% pour les hommes) ch\u00f4ment depuis plus d\u2019une ann\u00e9e et 69% sont des primo-demandeuses d\u2019emploi (contre 50,9% pour les hommes). Le ph\u00e9nom\u00e8ne de ch\u00f4mage touche les femmes plus que les hommes, avec des taux de ch\u00f4mage respectifs de 13,5 et de 7,8%. Dans les villes, le taux de ch\u00f4mage des femmes est plus que le double de celui des hommes avec respectivement 21,8 et 10,3%.<\/span><\/p>\n<p>Auteur: ALM<br \/>\n<a href=\"http:\/\/aujourdhui.ma\/societe\/hcp-105-millions-de-marocaines-en-dehors-du-marche-du-travail\">Cliquez ici pour lire l&rsquo;article depuis sa source.<\/a><\/p>\n","protected":false},"excerpt":{"rendered":"<p>Le taux d\u2019activit\u00e9 des femmes n\u2019est que de 21,5% contre 71% pour le sexe masculin Le Maroc a c\u00e9l\u00e9br\u00e9 le 8 mars la journ\u00e9e internationale de la femme sous le th\u00e8me \u00abJe suis de la g\u00e9n\u00e9ration \u00e9galit\u00e9: Levez-vous pour les droits des femmes\u00bb. L\u2019occasion pour le Haut-Commissariat au Plan (HCP) de pr\u00e9senter des donn\u00e9es sur [&hellip;]<\/p>\n","protected":false},"author":1759,"featured_media":0,"comment_status":"closed","ping_status":"closed","sticky":false,"template":"","format":"standard","meta":{"fifu_image_url":"","fifu_image_alt":"","footnotes":""},"categories":[73,54],"tags":[],"class_list":["post-78538","post","type-post","status-publish","format-standard","hentry","category-actualite","category-maroc"],"_links":{"self":[{"href":"https:\/\/linitiative.ca\/International\/wp-json\/wp\/v2\/posts\/78538","targetHints":{"allow":["GET"]}}],"collection":[{"href":"https:\/\/linitiative.ca\/International\/wp-json\/wp\/v2\/posts"}],"about":[{"href":"https:\/\/linitiative.ca\/International\/wp-json\/wp\/v2\/types\/post"}],"author":[{"embeddable":true,"href":"https:\/\/linitiative.ca\/International\/wp-json\/wp\/v2\/users\/1759"}],"replies":[{"embeddable":true,"href":"https:\/\/linitiative.ca\/International\/wp-json\/wp\/v2\/comments?post=78538"}],"version-history":[{"count":0,"href":"https:\/\/linitiative.ca\/International\/wp-json\/wp\/v2\/posts\/78538\/revisions"}],"wp:attachment":[{"href":"https:\/\/linitiative.ca\/International\/wp-json\/wp\/v2\/media?parent=78538"}],"wp:term":[{"taxonomy":"category","embeddable":true,"href":"https:\/\/linitiative.ca\/International\/wp-json\/wp\/v2\/categories?post=78538"},{"taxonomy":"post_tag","embeddable":true,"href":"https:\/\/linitiative.ca\/International\/wp-json\/wp\/v2\/tags?post=78538"}],"curies":[{"name":"wp","href":"https:\/\/api.w.org\/{rel}","templated":true}]}}