{"id":78542,"date":"2020-03-09T11:19:14","date_gmt":"2020-03-09T15:19:14","guid":{"rendered":"https:\/\/linitiative.ca\/International\/journee-internationale-de-la-femme-sar-la-princesse-lalla-meryem-preside-une-ceremonie-a-marrakech\/"},"modified":"2020-03-09T11:19:14","modified_gmt":"2020-03-09T15:19:14","slug":"journee-internationale-de-la-femme-sar-la-princesse-lalla-meryem-preside-une-ceremonie-a-marrakech","status":"publish","type":"post","link":"https:\/\/linitiative.ca\/International\/journee-internationale-de-la-femme-sar-la-princesse-lalla-meryem-preside-une-ceremonie-a-marrakech\/","title":{"rendered":"Journ\u00e9e internationale de la femme :  SAR la Princesse Lalla Meryem pr\u00e9side une c\u00e9r\u00e9monie \u00e0 Marrakech"},"content":{"rendered":"<p><img decoding=\"async\" class=\"post_layout_5_img\" src=\"http:\/\/aujourdhui.ma\/wp-content\/uploads\/2020\/03\/Journe\u0301e-internationale-de-la-femme-SAR-la-Princesse-Lalla-Meryem.jpg?x29840\" alt=\"Journ&#xE9;e internationale de la femme : SAR la Princesse Lalla Meryem pr&#xE9;side une c&#xE9;r&#xE9;monie &#xE0; Marrakech\"\/><\/p>\n<p class=\"p1\"><span class=\"c4\"><strong><span class=\"s1\">Son Altesse Royale la Princesse Lalla Meryem, pr\u00e9sidente de l\u2019Union nationale des femmes du Maroc (UNFM), a pr\u00e9sid\u00e9, dimanche au Palais Bahia \u00e0 Marrakech, la c\u00e9r\u00e9monie de c\u00e9l\u00e9bration de la Journ\u00e9e internationale de la femme.<\/span><\/strong><\/span><span id=\"more-336006\"\/><\/p>\n<p class=\"p1\"><span class=\"s1\">Apr\u00e8s lecture de versets du Saint Coran et l\u2019ex\u00e9cution de l\u2019hymne national, SAR la Princesse Lalla Meryem a suivi, \u00e0 cette occasion, une pr\u00e9sentation vid\u00e9o sur la violence faite aux femmes.<\/span><\/p>\n<p class=\"p1\"><span class=\"s1\">SAR la Princesse Lalla Meryem a \u00e9galement suivi une pr\u00e9sentation sur la D\u00e9claration de Marrakech 2020, faite par la pr\u00e9sidente du comit\u00e9 d\u2019\u00e9thique de l\u2019UNFM et coordinatrice de la pr\u00e9paration et du suivi des conventions, Amina Oufroukhi.<\/span><\/p>\n<p class=\"p1\"><span class=\"s1\">Ensuite, il a \u00e9t\u00e9 proc\u00e9d\u00e9 \u00e0 la signature de l\u2019\u00e9tat d\u2019engagement relatif \u00e0 la D\u00e9claration de Marrakech par le ministre de l\u2019\u00e9ducation nationale, de la formation professionnelle, de l\u2019enseignement sup\u00e9rieur et de la recherche scientifique,<span class=\"Apple-converted-space\">\u00a0<\/span> Saa\u00efd Amzazi, le ministre de la sant\u00e9, Khalid Ait Taleb, le ministre de la culture, de la jeunesse et des sports, porte-parole du gouvernement, El Hassan Abyaba, et la ministre de la solidarit\u00e9, du d\u00e9veloppement social, de l\u2019\u00e9galit\u00e9 et de la famille, Jamila El Moussali.<\/span><\/p>\n<p class=\"p1\"><span class=\"s1\">Cet engagement a \u00e9t\u00e9 aussi sign\u00e9 par le ministre d\u00e9l\u00e9gu\u00e9 charg\u00e9 de l\u2019enseignement sup\u00e9rieur et de la recherche scientifique, Driss Ouaouicha, le procureur g\u00e9n\u00e9ral du Roi pr\u00e8s la Cour de cassation, pr\u00e9sident du minist\u00e8re public, Mohamed Abdennabaoui, et la pr\u00e9sidente de la Haute autorit\u00e9 de la communication audiovisuelle (HACA), Latifa Akharbach.<\/span><\/p>\n<p class=\"p1\"><span class=\"s1\">La signature de la D\u00e9claration de Marrakech, constituant un ensemble d\u2019engagements des d\u00e9partements concern\u00e9s par la question de la violence \u00e0 l\u2019\u00e9gard des femmes, t\u00e9moigne de la volont\u00e9 des pouvoirs publics de s\u2019engager davantage dans ce combat conjointement avec l\u2019UNFM. Les parties prenantes pr\u00e9voient la constitution d\u2019un Conseil de suivi de la mise en \u0153uvre de ladite D\u00e9claration.<\/span><\/p>\n<p class=\"p1\"><span class=\"s1\">Ce conseil agira via des actions concr\u00e8tes sur les m\u00e9canismes de prise en charge des victimes, la lutte contre les st\u00e9r\u00e9otypes sur les femmes v\u00e9hicul\u00e9es dans les m\u00e9dias publics, ainsi que sur la promotion de la culture de non-violence \u00e0 travers l\u2019\u00e9ducation de base et de l\u2019enseignement sup\u00e9rieur, et pr\u00e9sentera les r\u00e9sultats de son action le 8 mars 2021.<\/span><\/p>\n<p class=\"p1\"><span class=\"s1\">Par la suite, M. Abdennabaoui a prononc\u00e9 un mot de remerciements devant SAR la Princesse Lalla Meryem au nom des partenaires de la plate-forme de lutte contre la violence \u00e0 l\u2019\u00e9gard des femmes, \u00abKolona Maak\u00bb.<\/span><\/p>\n<p class=\"p1\"><span class=\"s1\">Cette plate-forme d\u2019\u00e9coute, de soutien et d\u2019orientation, lanc\u00e9e par l\u2019UNFM en partenariat avec la pr\u00e9sidence du minist\u00e8re public et d\u2019autres institutions, au profit des femmes et des jeunes filles en situation vuln\u00e9rable, permettra de recueillir leurs plaintes et dol\u00e9ances et de les orienter vers les services de prise en charge, en l\u2019occurrence le minist\u00e8re public, la Gendarmerie royale, la police et les Centres d\u2019accueil de l\u2019UNFM.<\/span><\/p>\n<p class=\"p1\"><span class=\"s1\">Cette c\u00e9r\u00e9monie a \u00e9t\u00e9 aussi marqu\u00e9e par la pr\u00e9sentation du Prix Lalla Meryem de l\u2019innovation et de l\u2019excellence, par Redouane Nejmeddine, pr\u00e9sident du directoire de Barid Bank, sous la conduite de Malika Chawki, conseill\u00e8re \u00e0 l\u2019UNFM, directrice d\u00e9l\u00e9gu\u00e9e \u00e0 l\u2019ESSEC.<\/span><\/p>\n<p class=\"p1\"><span class=\"s1\">Ensuite, il a \u00e9t\u00e9 proc\u00e9d\u00e9 \u00e0 la projection d\u2019une vid\u00e9o sur la c\u00e9l\u00e9bration de la journ\u00e9e internationale de la femme par des associations r\u00e9gionales de l\u2019UNFM (Oujda, Tanger, Rabat, Sal\u00e9 et La\u00e2youne).<\/span><\/p>\n<p class=\"p1\"><span class=\"s1\">Cette c\u00e9r\u00e9monie a \u00e9t\u00e9 aussi ponctu\u00e9e par la pr\u00e9sentation des bourses Lalla Meryem pour les coll\u00e9giennes (13-18 ans) et les bacheli\u00e8res (17-25 ans), par Driss Ouaouicha.<\/span><\/p>\n<p class=\"p1\"><span class=\"s1\">Cette initiative lanc\u00e9e par l\u2019UNFM vise \u00e0 soutenir les jeunes filles issues des milieux d\u00e9favoris\u00e9s rural et p\u00e9ri-urbain en vue de lutter contre la d\u00e9perdition scolaire et les encourager \u00e0 poursuivre leurs \u00e9tudes sup\u00e9rieures.<\/span><\/p>\n<p>Auteur: ALM<br \/>\n<a href=\"http:\/\/aujourdhui.ma\/actualite\/journee-internationale-de-la-femme-sar-la-princesse-lalla-meryem-preside-une-ceremonie-a-marrakech\">Cliquez ici pour lire l&rsquo;article depuis sa source.<\/a><\/p>\n","protected":false},"excerpt":{"rendered":"<p>Son Altesse Royale la Princesse Lalla Meryem, pr\u00e9sidente de l\u2019Union nationale des femmes du Maroc (UNFM), a pr\u00e9sid\u00e9, dimanche au Palais Bahia \u00e0 Marrakech, la c\u00e9r\u00e9monie de c\u00e9l\u00e9bration de la Journ\u00e9e internationale de la femme. Apr\u00e8s lecture de versets du Saint Coran et l\u2019ex\u00e9cution de l\u2019hymne national, SAR la Princesse Lalla Meryem a suivi, \u00e0 [&hellip;]<\/p>\n","protected":false},"author":1759,"featured_media":0,"comment_status":"closed","ping_status":"closed","sticky":false,"template":"","format":"standard","meta":{"fifu_image_url":"","fifu_image_alt":"","footnotes":""},"categories":[73,54],"tags":[],"class_list":["post-78542","post","type-post","status-publish","format-standard","hentry","category-actualite","category-maroc"],"_links":{"self":[{"href":"https:\/\/linitiative.ca\/International\/wp-json\/wp\/v2\/posts\/78542","targetHints":{"allow":["GET"]}}],"collection":[{"href":"https:\/\/linitiative.ca\/International\/wp-json\/wp\/v2\/posts"}],"about":[{"href":"https:\/\/linitiative.ca\/International\/wp-json\/wp\/v2\/types\/post"}],"author":[{"embeddable":true,"href":"https:\/\/linitiative.ca\/International\/wp-json\/wp\/v2\/users\/1759"}],"replies":[{"embeddable":true,"href":"https:\/\/linitiative.ca\/International\/wp-json\/wp\/v2\/comments?post=78542"}],"version-history":[{"count":0,"href":"https:\/\/linitiative.ca\/International\/wp-json\/wp\/v2\/posts\/78542\/revisions"}],"wp:attachment":[{"href":"https:\/\/linitiative.ca\/International\/wp-json\/wp\/v2\/media?parent=78542"}],"wp:term":[{"taxonomy":"category","embeddable":true,"href":"https:\/\/linitiative.ca\/International\/wp-json\/wp\/v2\/categories?post=78542"},{"taxonomy":"post_tag","embeddable":true,"href":"https:\/\/linitiative.ca\/International\/wp-json\/wp\/v2\/tags?post=78542"}],"curies":[{"name":"wp","href":"https:\/\/api.w.org\/{rel}","templated":true}]}}