{"id":78549,"date":"2020-03-09T08:55:12","date_gmt":"2020-03-09T12:55:12","guid":{"rendered":"https:\/\/linitiative.ca\/International\/organise-par-lift-prix-goncourt-choix-de-la-tunisie\/"},"modified":"2020-03-09T08:55:12","modified_gmt":"2020-03-09T12:55:12","slug":"organise-par-lift-prix-goncourt-choix-de-la-tunisie","status":"publish","type":"post","link":"https:\/\/linitiative.ca\/International\/organise-par-lift-prix-goncourt-choix-de-la-tunisie\/","title":{"rendered":"Organis\u00e9 par l\u2019IFT : \u00ab Prix Goncourt : Choix de la Tunisie \u00bb"},"content":{"rendered":"<p>La 5e \u00e9dition du prix litt\u00e9raire \u00ab Prix Goncourt : Choix de la Tunisie \u00bb aura lieu, vendredi 13 mars, \u00e0 partir de 14h, dans la Cour de l\u2019Institut fran\u00e7ais de Tunisie (IFT).<\/p>\n<p>Une c\u00e9r\u00e9monie sera propos\u00e9e sous l\u2019autorit\u00e9 du Pr\u00e9sident de l\u2019Acad\u00e9mie Goncourt Didier Decoin et de l\u2019\u00e9crivain Mohamed Harmel, annonce l\u2019IFT.<\/p>\n<p>Le \u00ab Prix Goncourt : Choix de la Tunisie \u00bb est parmi les 14 \u00ab Choix Goncourt \u00e0 l\u2019\u00e9tranger \u00bb couvrant un pays ou une r\u00e9gion, organis\u00e9s par l\u2019Institut Fran\u00e7ais et ses p\u00f4les dans les pays concern\u00e9s. Il d\u00e9cerne le prix du meilleur roman en fran\u00e7ais, choisi parmi la troisi\u00e8me s\u00e9lection effectu\u00e9e en octobre, par un jury tunisien compos\u00e9 de lyc\u00e9ens, \u00e9tudiants et professeurs.<\/p>\n<p>Cette \u00e9dition 2020 implique pour la premi\u00e8re fois les 24 gouvernorats de la r\u00e9publique, gr\u00e2ce \u00e0 la complicit\u00e9 de l\u2019Association Tunisienne pour la P\u00e9dagogie du Fran\u00e7ais (ATP). Les gouvernorats repr\u00e9sent\u00e9s sont l\u2019Ariana, B\u00e9ja, Ben Arous, Bizerte, Gab\u00e8s, Gafsa, Jendouba, Kairouan, Kasserine, K\u00e9bili, Le Kef, Mahdia, La Manouba, M\u00e9denine, Monastir, Nabeul, Sfax, Sidi Bouzid, Siliana, Sousse, Tataouine, Tozeur, Tunis et Zaghouan.<\/p>\n<p>Plus de 360 \u00e9l\u00e8ves d\u2019\u00e9tablissements scolaires, secondaires et sup\u00e9rieurs, de tout le pays seront r\u00e9unis pour porter les couleurs et le choix de leur gouvernorat. Quatre romans sont en lice pour cette \u00e9dition. \u00ab La Part du fils \u00bb de Jean-Luc Coatalem (Stock), \u00ab Tous les hommes n\u2019habitent pas le monde de la m\u00eame fa\u00e7on \u00bb de Jean-Paul Dubois (L\u2019Olivier), \u00ab Soif \u00bb d\u2019Am\u00e9lie Nothomb (Albin Michel) et \u00ab Ext\u00e9rieur monde \u00bb d\u2019Olivier Rolin (Gallimard).<\/p>\n<p>Ce choix sera d\u00e9fendu lors d\u2019une prestation d\u2019\u00e9loquence exceptionnelle en public devant un jury d\u2019\u00e9crivains. Un moment unique de plaidoyer par des lyc\u00e9ens, lecteurs engag\u00e9s qui surprendront par la qualit\u00e9 de leurs analyses, la justesse de leurs regards et l\u2019engagement de leurs prestations orales pour d\u00e9fendre leur choix litt\u00e9raire.<\/p>\n<p>Depuis 2015, \u00e0 l\u2019occasion de la visite inaugurale de Bernard Pivot \u00e0 l\u2019Institut fran\u00e7ais de Tunisie, le prix litt\u00e9raire \u00ab Le Choix Goncourt de la Tunisie \u00bb est devenu un \u00e9v\u00e9nement reconnu et incontournable en Tunisie. En 2019, Le Prix Goncourt propos\u00e9 par l\u2019acad\u00e9mie Goncourt a \u00e9t\u00e9 attribu\u00e9 \u00e0 Jean Paul Dubois pour Tous les hommes n\u2019habitent pas le monde de la m\u00eame fa\u00e7on.<\/p>\n<p>Le Prix Goncourt est le prix litt\u00e9raire le plus prestigieux en France r\u00e9compensant des auteurs d\u2019expression fran\u00e7aise et francophone. Il est d\u00e9cern\u00e9 annuellement au d\u00e9but du mois de novembre par l\u2019Acad\u00e9mie Goncourt, apr\u00e8s trois pr\u00e9s\u00e9lections successives, en septembre et en octobre, parmi les romans publi\u00e9s pour la rentr\u00e9e litt\u00e9raire \u00e9ditoriale de septembre. Il s\u2019agit du plus ancien et du plus prestigieux des prix litt\u00e9raires fran\u00e7ais.<\/p>\n<div class=\"wp-post-author-wrap wp-post-author-shortcode left\">\n<h3 class=\"awpa-title\"\/>\n<div class=\"wp-post-author\">\n<div class=\"awpa-img awpa-author-block square\"><a href=\"http:\/\/lexpertjournal.net\/fr\/?author=5\"><img loading=\"lazy\" decoding=\"async\" alt=\"\" src=\"http:\/\/0.gravatar.com\/avatar\/97f8e10a1c1125ba104a76514ee07b16?s=150&amp;d=mm&amp;r=g\" srcset=\"http:\/\/0.gravatar.com\/avatar\/97f8e10a1c1125ba104a76514ee07b16?s=300&amp;d=mm&amp;r=g 2x\" class=\"avatar avatar-150 photo\" height=\"150\" width=\"150\"\/><\/a><\/div>\n<\/div>\n<\/div>\n<aside class=\"mashsb-container mashsb-main mashsb-stretched\">\n<\/aside>\n<p>Auteur: L&rsquo;expert<br \/>\n<a href=\"http:\/\/lexpertjournal.net\/fr\/?p=12924\">Cliquez ici pour lire l&rsquo;article depuis sa source.<\/a><\/p>\n","protected":false},"excerpt":{"rendered":"<p>La 5e \u00e9dition du prix litt\u00e9raire \u00ab Prix Goncourt : Choix de la Tunisie \u00bb aura lieu, vendredi 13 mars, \u00e0 partir de 14h, dans la Cour de l\u2019Institut fran\u00e7ais de Tunisie (IFT). Une c\u00e9r\u00e9monie sera propos\u00e9e sous l\u2019autorit\u00e9 du Pr\u00e9sident de l\u2019Acad\u00e9mie Goncourt Didier Decoin et de l\u2019\u00e9crivain Mohamed Harmel, annonce l\u2019IFT. Le \u00ab [&hellip;]<\/p>\n","protected":false},"author":1775,"featured_media":0,"comment_status":"closed","ping_status":"closed","sticky":false,"template":"","format":"standard","meta":{"fifu_image_url":"","fifu_image_alt":"","footnotes":""},"categories":[78,55],"tags":[],"class_list":["post-78549","post","type-post","status-publish","format-standard","hentry","category-economie","category-tunisie"],"_links":{"self":[{"href":"https:\/\/linitiative.ca\/International\/wp-json\/wp\/v2\/posts\/78549","targetHints":{"allow":["GET"]}}],"collection":[{"href":"https:\/\/linitiative.ca\/International\/wp-json\/wp\/v2\/posts"}],"about":[{"href":"https:\/\/linitiative.ca\/International\/wp-json\/wp\/v2\/types\/post"}],"author":[{"embeddable":true,"href":"https:\/\/linitiative.ca\/International\/wp-json\/wp\/v2\/users\/1775"}],"replies":[{"embeddable":true,"href":"https:\/\/linitiative.ca\/International\/wp-json\/wp\/v2\/comments?post=78549"}],"version-history":[{"count":0,"href":"https:\/\/linitiative.ca\/International\/wp-json\/wp\/v2\/posts\/78549\/revisions"}],"wp:attachment":[{"href":"https:\/\/linitiative.ca\/International\/wp-json\/wp\/v2\/media?parent=78549"}],"wp:term":[{"taxonomy":"category","embeddable":true,"href":"https:\/\/linitiative.ca\/International\/wp-json\/wp\/v2\/categories?post=78549"},{"taxonomy":"post_tag","embeddable":true,"href":"https:\/\/linitiative.ca\/International\/wp-json\/wp\/v2\/tags?post=78549"}],"curies":[{"name":"wp","href":"https:\/\/api.w.org\/{rel}","templated":true}]}}