{"id":78550,"date":"2020-03-09T08:59:35","date_gmt":"2020-03-09T12:59:35","guid":{"rendered":"https:\/\/linitiative.ca\/International\/journee-de-la-femme-deroulement-de-la-1ere-edition-des-foulees-dalyssa-a-carthage\/"},"modified":"2020-03-09T08:59:35","modified_gmt":"2020-03-09T12:59:35","slug":"journee-de-la-femme-deroulement-de-la-1ere-edition-des-foulees-dalyssa-a-carthage","status":"publish","type":"post","link":"https:\/\/linitiative.ca\/International\/journee-de-la-femme-deroulement-de-la-1ere-edition-des-foulees-dalyssa-a-carthage\/","title":{"rendered":"Journ\u00e9e de la femme :  D\u00e9roulement de la 1\u00e8re \u00e9dition des \u00ab Foul\u00e9es d\u2019Alyssa \u00bb \u00e0 Carthage"},"content":{"rendered":"<p>A l\u2019occasion de la Journ\u00e9e Internationale des droits de la Femme, la banlieue nord de Tunis a abrit\u00e9 ce dimanche la premi\u00e8re \u00e9dition de \u00ab La Tunisienne Gazelle Run \u00bb (les Foul\u00e9es d\u2019Alyssa), une course r\u00e9serv\u00e9e exclusivement \u00e0 la femme tunisienne.<\/p>\n<p>Outre les amatrices des randonn\u00e9e et de la course \u00e0 pied, \u00ab les Foul\u00e9es d\u2019Alissa \u00bb disput\u00e9es sur un parcours de 6 km a \u00e9t\u00e9 marqu\u00e9e par la participation de pr\u00e8s de 300 athl\u00e8tes f\u00e9minines de Tunisie et de pays \u00e9trangers, et championnes dans de diverses sp\u00e9cialit\u00e9s, \u00e0 l\u2019instar de la championne de France de Marathon, Ana\u00efs Quemener, et l\u2019ancienne championne tunisienne des sports automobiles, Hend Chaouch.<\/p>\n<p>L\u2019\u00e9v\u00e8nement est organis\u00e9 par l\u2019organisation \u00ab Courir pour la Tunisie \u00bb, en collaboration avec la commune de Carthage et le Comit\u00e9 National Olympique Tunisien.<\/p>\n<div class=\"wp-post-author-wrap wp-post-author-shortcode left\">\n<h3 class=\"awpa-title\"\/>\n<div class=\"wp-post-author\">\n<div class=\"awpa-img awpa-author-block square\"><a href=\"http:\/\/lexpertjournal.net\/fr\/?author=5\"><img loading=\"lazy\" decoding=\"async\" alt=\"\" src=\"http:\/\/0.gravatar.com\/avatar\/97f8e10a1c1125ba104a76514ee07b16?s=150&amp;d=mm&amp;r=g\" srcset=\"http:\/\/0.gravatar.com\/avatar\/97f8e10a1c1125ba104a76514ee07b16?s=300&amp;d=mm&amp;r=g 2x\" class=\"avatar avatar-150 photo\" height=\"150\" width=\"150\"\/><\/a><\/div>\n<\/div>\n<\/div>\n<aside class=\"mashsb-container mashsb-main mashsb-stretched\">\n<\/aside>\n<p>Auteur: L&rsquo;expert<br \/>\n<a href=\"http:\/\/lexpertjournal.net\/fr\/?p=12927\">Cliquez ici pour lire l&rsquo;article depuis sa source.<\/a><\/p>\n","protected":false},"excerpt":{"rendered":"<p>A l\u2019occasion de la Journ\u00e9e Internationale des droits de la Femme, la banlieue nord de Tunis a abrit\u00e9 ce dimanche la premi\u00e8re \u00e9dition de \u00ab La Tunisienne Gazelle Run \u00bb (les Foul\u00e9es d\u2019Alyssa), une course r\u00e9serv\u00e9e exclusivement \u00e0 la femme tunisienne. Outre les amatrices des randonn\u00e9e et de la course \u00e0 pied, \u00ab les Foul\u00e9es [&hellip;]<\/p>\n","protected":false},"author":1775,"featured_media":0,"comment_status":"closed","ping_status":"closed","sticky":false,"template":"","format":"standard","meta":{"fifu_image_url":"","fifu_image_alt":"","footnotes":""},"categories":[78,55],"tags":[],"class_list":["post-78550","post","type-post","status-publish","format-standard","hentry","category-economie","category-tunisie"],"_links":{"self":[{"href":"https:\/\/linitiative.ca\/International\/wp-json\/wp\/v2\/posts\/78550","targetHints":{"allow":["GET"]}}],"collection":[{"href":"https:\/\/linitiative.ca\/International\/wp-json\/wp\/v2\/posts"}],"about":[{"href":"https:\/\/linitiative.ca\/International\/wp-json\/wp\/v2\/types\/post"}],"author":[{"embeddable":true,"href":"https:\/\/linitiative.ca\/International\/wp-json\/wp\/v2\/users\/1775"}],"replies":[{"embeddable":true,"href":"https:\/\/linitiative.ca\/International\/wp-json\/wp\/v2\/comments?post=78550"}],"version-history":[{"count":0,"href":"https:\/\/linitiative.ca\/International\/wp-json\/wp\/v2\/posts\/78550\/revisions"}],"wp:attachment":[{"href":"https:\/\/linitiative.ca\/International\/wp-json\/wp\/v2\/media?parent=78550"}],"wp:term":[{"taxonomy":"category","embeddable":true,"href":"https:\/\/linitiative.ca\/International\/wp-json\/wp\/v2\/categories?post=78550"},{"taxonomy":"post_tag","embeddable":true,"href":"https:\/\/linitiative.ca\/International\/wp-json\/wp\/v2\/tags?post=78550"}],"curies":[{"name":"wp","href":"https:\/\/api.w.org\/{rel}","templated":true}]}}