{"id":78552,"date":"2020-03-09T09:10:59","date_gmt":"2020-03-09T13:10:59","guid":{"rendered":"https:\/\/linitiative.ca\/International\/coronavirus-un-deuxieme-cas-confirme\/"},"modified":"2020-03-09T09:10:59","modified_gmt":"2020-03-09T13:10:59","slug":"coronavirus-un-deuxieme-cas-confirme","status":"publish","type":"post","link":"https:\/\/linitiative.ca\/International\/coronavirus-un-deuxieme-cas-confirme\/","title":{"rendered":"Coronavirus :  Un deuxi\u00e8me cas confirm\u00e9"},"content":{"rendered":"<p>Le minist\u00e8re de la Sant\u00e9 Publique a annonc\u00e9, dimanche, un deuxi\u00e8me cas confirm\u00e9 de coronavirus en Tunisie. Il s\u2019agit d\u2019une personne \u00e2g\u00e9e de 65 ans, a pr\u00e9cis\u00e9 le minist\u00e8re, dimanche apr\u00e8s-midi, dans un communiqu\u00e9. Les analyses ont confirm\u00e9 que cette personne venant de l\u2019Italie, est atteinte du virus corona, a-t-il ajout\u00e9.<\/p>\n<p>La personne contamin\u00e9e par le Covid-19 a \u00e9t\u00e9 mise en quarantaine, samedi, 7 mars, \u00e0 l\u2019h\u00f4pital universitaire Farhat Hached \u00e0 Sousse, a pr\u00e9cis\u00e9 le directeur r\u00e9gional de la sant\u00e9 \u00e0 Sousse, Sami Rekik.<\/p>\n<p>Selon le m\u00eame responsable, cette personne est originaire de Mahdia. Elle est rentr\u00e9e en Tunisie, il y\u2019a deux semaines et elle est diab\u00e9tique. \u00ab Tous les individus qui ont \u00e9t\u00e9 en contact avec cette personne seront d\u00e9pist\u00e9s et diagnostiqu\u00e9s \u00bb, a encore indiqu\u00e9 Sami Rekik.<\/p>\n<p>Le directeur des Soins de Sant\u00e9 de Base au minist\u00e8re de la Sant\u00e9 Publique, Chokri Ben Hammouda, a soulign\u00e9, pour sa part, la n\u00e9cessit\u00e9 de \u00ab s\u2019isoler volontairement \u00bb, pour les voyageurs en provenance des pays touch\u00e9s par l\u2019\u00e9pid\u00e9mie.<\/p>\n<p>\u00ab Ces voyageurs devraient s\u2019isoler volontairement pendant 14 jours au moins. Parce qu\u2019elles pourraient \u00eatre atteintes du virus sans le savoir et sans que les sympt\u00f4mes (fi\u00e8vre \u2026) soient imm\u00e9diatement d\u00e9tect\u00e9s par les contr\u00f4les sanitaires \u00bb, a-t-il expliqu\u00e9.<\/p>\n<p>\u00ab Notre objectif est d\u2019\u00e9viter la propagation du virus et d\u2019avoir moins de cas confirm\u00e9s. L\u2019isolement volontaire aide beaucoup les autorit\u00e9s \u00e0 contr\u00f4ler la situation \u00bb, a-t-il encore lanc\u00e9.<\/p>\n<p>Le d\u00e9partement de la Sant\u00e9 publique avait annonc\u00e9, le 2 mars 2020, le premier cas de coronavirus en Tunisie. Il s\u2019agit d\u2019un quadrag\u00e9naire tunisien ayant contract\u00e9 la maladie en Italie. Les autorit\u00e9s sanitaires rassurent que la situation est suivie de pr\u00e8s.<\/p>\n<div class=\"wp-post-author-wrap wp-post-author-shortcode left\">\n<h3 class=\"awpa-title\"\/>\n<div class=\"wp-post-author\">\n<div class=\"awpa-img awpa-author-block square\"><a href=\"http:\/\/lexpertjournal.net\/fr\/?author=5\"><img loading=\"lazy\" decoding=\"async\" alt=\"\" src=\"http:\/\/0.gravatar.com\/avatar\/97f8e10a1c1125ba104a76514ee07b16?s=150&amp;d=mm&amp;r=g\" srcset=\"http:\/\/0.gravatar.com\/avatar\/97f8e10a1c1125ba104a76514ee07b16?s=300&amp;d=mm&amp;r=g 2x\" class=\"avatar avatar-150 photo\" height=\"150\" width=\"150\"\/><\/a><\/div>\n<\/div>\n<\/div>\n<aside class=\"mashsb-container mashsb-main mashsb-stretched\">\n<\/aside>\n<p>Auteur: L&rsquo;expert<br \/>\n<a href=\"http:\/\/lexpertjournal.net\/fr\/?p=12933\">Cliquez ici pour lire l&rsquo;article depuis sa source.<\/a><\/p>\n","protected":false},"excerpt":{"rendered":"<p>Le minist\u00e8re de la Sant\u00e9 Publique a annonc\u00e9, dimanche, un deuxi\u00e8me cas confirm\u00e9 de coronavirus en Tunisie. Il s\u2019agit d\u2019une personne \u00e2g\u00e9e de 65 ans, a pr\u00e9cis\u00e9 le minist\u00e8re, dimanche apr\u00e8s-midi, dans un communiqu\u00e9. Les analyses ont confirm\u00e9 que cette personne venant de l\u2019Italie, est atteinte du virus corona, a-t-il ajout\u00e9. La personne contamin\u00e9e par [&hellip;]<\/p>\n","protected":false},"author":1775,"featured_media":0,"comment_status":"closed","ping_status":"closed","sticky":false,"template":"","format":"standard","meta":{"fifu_image_url":"","fifu_image_alt":"","footnotes":""},"categories":[78,55],"tags":[],"class_list":["post-78552","post","type-post","status-publish","format-standard","hentry","category-economie","category-tunisie"],"_links":{"self":[{"href":"https:\/\/linitiative.ca\/International\/wp-json\/wp\/v2\/posts\/78552","targetHints":{"allow":["GET"]}}],"collection":[{"href":"https:\/\/linitiative.ca\/International\/wp-json\/wp\/v2\/posts"}],"about":[{"href":"https:\/\/linitiative.ca\/International\/wp-json\/wp\/v2\/types\/post"}],"author":[{"embeddable":true,"href":"https:\/\/linitiative.ca\/International\/wp-json\/wp\/v2\/users\/1775"}],"replies":[{"embeddable":true,"href":"https:\/\/linitiative.ca\/International\/wp-json\/wp\/v2\/comments?post=78552"}],"version-history":[{"count":0,"href":"https:\/\/linitiative.ca\/International\/wp-json\/wp\/v2\/posts\/78552\/revisions"}],"wp:attachment":[{"href":"https:\/\/linitiative.ca\/International\/wp-json\/wp\/v2\/media?parent=78552"}],"wp:term":[{"taxonomy":"category","embeddable":true,"href":"https:\/\/linitiative.ca\/International\/wp-json\/wp\/v2\/categories?post=78552"},{"taxonomy":"post_tag","embeddable":true,"href":"https:\/\/linitiative.ca\/International\/wp-json\/wp\/v2\/tags?post=78552"}],"curies":[{"name":"wp","href":"https:\/\/api.w.org\/{rel}","templated":true}]}}