{"id":78553,"date":"2020-03-09T09:20:57","date_gmt":"2020-03-09T13:20:57","guid":{"rendered":"https:\/\/linitiative.ca\/International\/projet-de-loi-relatif-a-la-zlecaf-un-rejet-penalisant-leconomie-et-les-entreprises-tunisiennes\/"},"modified":"2020-03-09T09:20:57","modified_gmt":"2020-03-09T13:20:57","slug":"projet-de-loi-relatif-a-la-zlecaf-un-rejet-penalisant-leconomie-et-les-entreprises-tunisiennes","status":"publish","type":"post","link":"https:\/\/linitiative.ca\/International\/projet-de-loi-relatif-a-la-zlecaf-un-rejet-penalisant-leconomie-et-les-entreprises-tunisiennes\/","title":{"rendered":"Projet de loi relatif \u00e0 la ZLECAF :  Un rejet p\u00e9nalisant l\u2019\u00e9conomie et les entreprises tunisiennes"},"content":{"rendered":"<p>Le refus par l\u2019Assembl\u00e9e des repr\u00e9sentants du peuple (ARP) d\u2019adopter le projet de loi relatif \u00e0 l\u2019accord fondateur d\u2019int\u00e9gration de la Tunisie dans la Zone de libre-\u00e9change continentale africaine (ZLECAF), est \u00ab une d\u00e9cision p\u00e9nalisante pour la balance \u00e9conomique et les exportations des entreprises Tunisiennes \u00bb, a estim\u00e9 la CONECT International.<\/p>\n<p>La CONECT a condamn\u00e9 fortement, le refus de l\u2019Assembl\u00e9e d\u2019approuver le projet de loi relatif \u00e0 cet accord, ajoutant que cette mesure ralentie encore davantage l\u2019int\u00e9gration de la Tunisie \u00e0 la ZLECAF.<\/p>\n<p>Pour cette organisation, les op\u00e9rateurs \u00e9conomiques tunisiens sont en attente du passage \u00e0 l\u2019ARP de cette loi qui devrait \u00ab favoriser l\u2019entr\u00e9e de devises, d\u00e9velopper la production, cr\u00e9er la richesse et contribuer \u00e0 r\u00e9duire le taux de ch\u00f4mage \u00bb.<\/p>\n<p>La Zone de Libre-Echange continentale de l\u2019Afrique est entr\u00e9e en vigueur le Jeudi 30 Mai 2019, sachant que le gouvernement tunisien a sign\u00e9 l\u2019accord relatif \u00e0 cette zone le Mercredi 21 Mars 2018 dans la ville de Kigali (Rwanda), mais l\u2019ach\u00e8vement de l\u2019adh\u00e9sion n\u00e9cessite son adoption par le Parlement.<\/p>\n<p>Cet accord vise \u00e0 \u00e9tablir un cadre global et multilat\u00e9ralement b\u00e9n\u00e9fique pour les relations commerciales entre les Etats membres de l\u2019Union africaine de mani\u00e8re \u00e0 am\u00e9liorer la comp\u00e9titivit\u00e9 des entreprises (en fonction de la r\u00e9duction des co\u00fbts des transactions commerciales) et \u00e0 promouvoir la transformation \u00e9conomique et sociale pour r\u00e9aliser la croissance globale, l\u2019industrialisation et le d\u00e9veloppement durable.<\/p>\n<p>L\u2019ARP a refus\u00e9 lors d\u2019une pl\u00e9ni\u00e8re tenue, jeudi, l\u2019adoption d\u2019un projet de loi organique relatif \u00e0 la convention fondatrice de la zone de libre-\u00e9change continentale africaine (ZLECA), en raison de l\u2019absence de quorum.<\/p>\n<div class=\"wp-post-author-wrap wp-post-author-shortcode left\">\n<h3 class=\"awpa-title\"\/>\n<div class=\"wp-post-author\">\n<div class=\"awpa-img awpa-author-block square\"><a href=\"http:\/\/lexpertjournal.net\/fr\/?author=5\"><img loading=\"lazy\" decoding=\"async\" alt=\"\" src=\"http:\/\/0.gravatar.com\/avatar\/97f8e10a1c1125ba104a76514ee07b16?s=150&amp;d=mm&amp;r=g\" srcset=\"http:\/\/0.gravatar.com\/avatar\/97f8e10a1c1125ba104a76514ee07b16?s=300&amp;d=mm&amp;r=g 2x\" class=\"avatar avatar-150 photo\" height=\"150\" width=\"150\"\/><\/a><\/div>\n<\/div>\n<\/div>\n<aside class=\"mashsb-container mashsb-main mashsb-stretched\">\n<\/aside>\n<p>Auteur: L&rsquo;expert<br \/>\n<a href=\"http:\/\/lexpertjournal.net\/fr\/?p=12936\">Cliquez ici pour lire l&rsquo;article depuis sa source.<\/a><\/p>\n","protected":false},"excerpt":{"rendered":"<p>Le refus par l\u2019Assembl\u00e9e des repr\u00e9sentants du peuple (ARP) d\u2019adopter le projet de loi relatif \u00e0 l\u2019accord fondateur d\u2019int\u00e9gration de la Tunisie dans la Zone de libre-\u00e9change continentale africaine (ZLECAF), est \u00ab une d\u00e9cision p\u00e9nalisante pour la balance \u00e9conomique et les exportations des entreprises Tunisiennes \u00bb, a estim\u00e9 la CONECT International. La CONECT a condamn\u00e9 [&hellip;]<\/p>\n","protected":false},"author":1775,"featured_media":0,"comment_status":"closed","ping_status":"closed","sticky":false,"template":"","format":"standard","meta":{"fifu_image_url":"","fifu_image_alt":"","footnotes":""},"categories":[78,55],"tags":[],"class_list":["post-78553","post","type-post","status-publish","format-standard","hentry","category-economie","category-tunisie"],"_links":{"self":[{"href":"https:\/\/linitiative.ca\/International\/wp-json\/wp\/v2\/posts\/78553","targetHints":{"allow":["GET"]}}],"collection":[{"href":"https:\/\/linitiative.ca\/International\/wp-json\/wp\/v2\/posts"}],"about":[{"href":"https:\/\/linitiative.ca\/International\/wp-json\/wp\/v2\/types\/post"}],"author":[{"embeddable":true,"href":"https:\/\/linitiative.ca\/International\/wp-json\/wp\/v2\/users\/1775"}],"replies":[{"embeddable":true,"href":"https:\/\/linitiative.ca\/International\/wp-json\/wp\/v2\/comments?post=78553"}],"version-history":[{"count":0,"href":"https:\/\/linitiative.ca\/International\/wp-json\/wp\/v2\/posts\/78553\/revisions"}],"wp:attachment":[{"href":"https:\/\/linitiative.ca\/International\/wp-json\/wp\/v2\/media?parent=78553"}],"wp:term":[{"taxonomy":"category","embeddable":true,"href":"https:\/\/linitiative.ca\/International\/wp-json\/wp\/v2\/categories?post=78553"},{"taxonomy":"post_tag","embeddable":true,"href":"https:\/\/linitiative.ca\/International\/wp-json\/wp\/v2\/tags?post=78553"}],"curies":[{"name":"wp","href":"https:\/\/api.w.org\/{rel}","templated":true}]}}