{"id":78557,"date":"2020-03-09T13:04:15","date_gmt":"2020-03-09T17:04:15","guid":{"rendered":"https:\/\/linitiative.ca\/International\/concert-de-musique-flamenco-a-alger-anime-par-le-groupe-feminin-espagnol-las-migas\/"},"modified":"2020-03-09T13:04:15","modified_gmt":"2020-03-09T17:04:15","slug":"concert-de-musique-flamenco-a-alger-anime-par-le-groupe-feminin-espagnol-las-migas","status":"publish","type":"post","link":"https:\/\/linitiative.ca\/International\/concert-de-musique-flamenco-a-alger-anime-par-le-groupe-feminin-espagnol-las-migas\/","title":{"rendered":"Concert de musique flamenco \u00e0 Alger, anim\u00e9 par le groupe f\u00e9minin espagnol \u00ab\u00a0Las Migas\u00a0\u00bb"},"content":{"rendered":"<div readability=\"37\">\n<p><strong>ALGER- \u00ab\u00a0Cuatro\u00a0\u00bb, un concert de musique flamenco a \u00e9t\u00e9\u00a0anim\u00e9 dimanche \u00e0 Alger par l\u2019ensemble f\u00e9minin espagnol \u00ab\u00a0Las Migas\u00a0\u00bb dans une ambiance de grands soirs, o\u00f9 l\u2019esprit festif a r\u00e9gn\u00e9 devant un public nombreux, \u00e0 l\u2019occasion de la Journ\u00e9e internationale de la femme.<\/strong><\/p>\n<\/div>\n<div readability=\"138.972868217\">\n<p>Accueillies au Th\u00e9\u00e2tre national Mahieddine-Bachtarzi (Tna), quatre musiciennes toutes, aussi cr\u00e9atives que virtuoses ont enflamm\u00e9 la salle de spectacles Mustapha-Kateb, durant plus d\u2019une heure de temps, \u00e9talant une dizaine de pi\u00e8ces tir\u00e9es essentiellement de leur dernier album \u00ab\u00a0Cuatro\u00a0\u00bb.<\/p>\n<p>Fringantes et enjou\u00e9es, Carolina Duran au violon, Marta Robles et Alicia Grillo aux guitares ainsi que Carolina Fernandez au chant et \u00e0 la danse, ont fait montre de toute l\u2019\u00e9tendue de leurs talents respectifs, mettant de l\u2019entrain dans la salle en faisant participer le public dans une ambiance joyeuse et festive.<\/p>\n<p>Au-del\u00e0 de leur g\u00e9nie et leur savoir faire, les quatre femmes ont depuis toujours affirm\u00e9 leur volont\u00e9 de s\u2019affirmer en bravant, une fois de plus lors de cette journ\u00e9e internationale d\u00e9di\u00e9e \u00e0 la femme, les \u00ab\u00a0qu\u2019en dira-t-on\u00a0\u00bb des conservateurs phallocrates qui voient d\u2019un mauvais \u0153il la femme assurer le r\u00f4le de l\u2019accompagnement et du solo \u00e0 la guitare dans le genre flamenco, pr\u00e9f\u00e9rant la cantonner uniquement au chant et \u00e0 la danse.<\/p>\n<blockquote readability=\"12\">\n<p><em><strong>Entre autres pi\u00e8ces traditionnelles figurant dans leur dernier opus et reprises sur la sc\u00e8ne du Tna, \u00ab\u00a0Alegrias\u00a0\u00bb, \u00ab\u00a0La Zarzamora\u00a0\u00bb, \u00ab\u00a0Gitana Hechicera\u00a0\u00bb et \u00ab\u00a0La Tarara\u00a0\u00bb (la folle), une chanson populaire du XIXe si\u00e8cle qui raconte l\u2019histoire d\u2019une jolie fille qui dansait dans les champs pour le plaisir des paysans travaillant la terre et qui avait inspir\u00e9 le grand po\u00e8te espagnol Federico Garcia Lorca (1898-1936) dans l\u2019\u00e9criture de sa c\u00e9l\u00e8bre po\u00e9sie \u00e9ponyme.<\/strong><\/em><\/p>\n<\/blockquote>\n<p>Extraites du dernier opus du groupe, les pi\u00e8ces, \u00ab\u00a0Playa Sanl\u00fbcar\u00a0\u00bb, \u00ab\u00a0Vente conmigo\u00a0\u00bb (viens avec moi), \u00ab\u00a0Rumba Lorca\u00a0\u00bb, \u00ab\u00a0Tangos de la Repompa\u00a0\u00bb, \u00ab\u00a0Con lo bien que yo estaba sola\u00a0\u00bb, \u00ab\u00a0Ojos Verdes\u00a0\u00bb, \u00ab\u00a0Solo violin\u00a0\u00bb, \u00ab\u00a0La maleta\u00a0\u00bb, \u00ab\u00a0Me Mueve el aire\u00a0\u00bb et \u00ab\u00a0Tu boca\u00a0\u00bb (ta bouche) ont \u00e9t\u00e9 rendues dans un \u00e9lan cr\u00e9atif et une ma\u00eetrise technique tr\u00e8s appr\u00e9ci\u00e9s par le public.<\/p>\n<p>Racontant entre autre, le pays, la terre, la vie, l\u2019amour, la nostalgie, l\u2019exil, la s\u00e9paration et la m\u00e9lancolie, le flamenco est un chef d\u2019\u0153uvre du patrimoine immat\u00e9riel de l\u2019humanit\u00e9 class\u00e9 depuis 2010 par l`Organisation des Nations Unies pour l`Education, la Science et la Culture (Unesco).<\/p>\n<p>Les sonorit\u00e9s des cordes piqu\u00e9es et les accords renvers\u00e9s de la guitare de Marta Robles et Alicia Grillo, caract\u00e9risant le genre flamenco, ont \u00e9t\u00e9 renforc\u00e9s par les dissonances harmoniques et les envol\u00e9es phrastiques de Carolina Duran au violon, donnant<\/p>\n<hr\/>\n<h3>Lire aussi:\u00a0<a href=\"http:\/\/www.aps.dz\/culture\/100919-le-chanteur-espagnol-nestior-presente-a-alger-le-flamenco-dans-un-habillage-moderne\">Le chanteur espagnol Nestior pr\u00e9sente \u00e0 Alger, le\u00a0<span class=\"highlight\">flamenco<\/span>\u00a0dans un habillage moderne<\/a><\/h3>\n<hr\/>\n<p>un champ d\u2019expression plus contemporain, ouvert sur l\u2019ensemble du bassin m\u00e9diterran\u00e9en, \u00e0 une musique repr\u00e9sentative d\u2019un genre autochtone.<\/p>\n<p>Chanteuse et danseuse du quatuor, Carolina Fernandez, a s\u00e9duit l\u2019assistance avec une voix rauque, pr\u00e9sente et \u00e9toff\u00e9e, port\u00e9e par la fermet\u00e9 du pas et du regard, la gr\u00e2ce du geste pr\u00e9cis et l`\u00e9l\u00e9gance du mouvement.<\/p>\n<blockquote readability=\"12\">\n<p><strong><em>En pr\u00e9sence des repr\u00e9sentants des missions diplomatiques accr\u00e9dit\u00e9es \u00e0 Alger d\u2019Espagne, d\u2019Italie et de Turquie notamment, le public, applaudissant longtemps \u00ab\u00a0cette belle fusion des genres\u00a0\u00bb, de l\u2019avis d\u2019une spectatrice, a savour\u00e9 le spectacle dans l\u2019all\u00e9gresse et la volupt\u00e9.<\/em><\/strong><\/p>\n<\/blockquote>\n<p>\u00ab\u00a0Cuatro\u00a0\u00bb, concert au genre musical introspectif, a m\u00eal\u00e9 les caract\u00e8res nostalgiques du flamenco aux cadences binaires et ternaires renvoyant au jazz et aux rythmes sud am\u00e9ricains, permettant une rencontre judicieuse sur une m\u00eame partition, d\u2019un contenu authentique avec une forme des plus modernes.<\/p>\n<p>Fruit d\u2019une synergie de quatre musiciennes \u00e9tablies \u00e0 Barcelone, provenant de S\u00e9ville et Cordoue (en Andalousie), ainsi que de Catalogne et<\/p>\n<p>d\u2019Estr\u00e9madure (aux fronti\u00e8res hispano-portugaises), le groupe \u00ab\u00a0Las Migas\u00a0\u00bb a \u00e9t\u00e9 fond\u00e9 en 2004, comptant \u00e0 son actif quatre CD, dont, \u00ab\u00a0Vente conmigo\u00a0\u00bb et \u00ab\u00a0Cuatro\u00a0\u00bb(2019).<\/p>\n<p>Attendu lundi au Th\u00e9\u00e2tre r\u00e9gional \u00ab\u00a0Azeddine-Medjoubi\u00a0\u00bb \u00e0 Annaba et mardi \u00e0 la salle \u00ab\u00a0Ahmed-Bey\u00a0\u00bb au Zenith de Constantine, le concert \u00ab\u00a0Cuatro\u00a0\u00bb du groupe \u00ab\u00a0Las Migas\u00a0\u00bb est organis\u00e9 par l\u2019Institut Cervant\u00e8s d\u2019Alger, en collaboration avec le TNA.<\/p>\n<\/div>\n<p>Auteur:<br \/>\n<a href=\"http:\/\/www.aps.dz\/culture\/102734-concert-de-musique-flamenco-a-alger-anime-par-le-groupe-feminin-espagnol-las-migas\">Cliquez ici pour lire l&rsquo;article depuis sa source.<\/a><\/p>\n","protected":false},"excerpt":{"rendered":"<p>ALGER- \u00ab\u00a0Cuatro\u00a0\u00bb, un concert de musique flamenco a \u00e9t\u00e9\u00a0anim\u00e9 dimanche \u00e0 Alger par l\u2019ensemble f\u00e9minin espagnol \u00ab\u00a0Las Migas\u00a0\u00bb dans une ambiance de grands soirs, o\u00f9 l\u2019esprit festif a r\u00e9gn\u00e9 devant un public nombreux, \u00e0 l\u2019occasion de la Journ\u00e9e internationale de la femme. Accueillies au Th\u00e9\u00e2tre national Mahieddine-Bachtarzi (Tna), quatre musiciennes toutes, aussi cr\u00e9atives que virtuoses [&hellip;]<\/p>\n","protected":false},"author":1790,"featured_media":0,"comment_status":"closed","ping_status":"closed","sticky":false,"template":"","format":"standard","meta":{"fifu_image_url":"","fifu_image_alt":"","footnotes":""},"categories":[53,79],"tags":[],"class_list":["post-78557","post","type-post","status-publish","format-standard","hentry","category-algerie","category-culture"],"_links":{"self":[{"href":"https:\/\/linitiative.ca\/International\/wp-json\/wp\/v2\/posts\/78557","targetHints":{"allow":["GET"]}}],"collection":[{"href":"https:\/\/linitiative.ca\/International\/wp-json\/wp\/v2\/posts"}],"about":[{"href":"https:\/\/linitiative.ca\/International\/wp-json\/wp\/v2\/types\/post"}],"author":[{"embeddable":true,"href":"https:\/\/linitiative.ca\/International\/wp-json\/wp\/v2\/users\/1790"}],"replies":[{"embeddable":true,"href":"https:\/\/linitiative.ca\/International\/wp-json\/wp\/v2\/comments?post=78557"}],"version-history":[{"count":0,"href":"https:\/\/linitiative.ca\/International\/wp-json\/wp\/v2\/posts\/78557\/revisions"}],"wp:attachment":[{"href":"https:\/\/linitiative.ca\/International\/wp-json\/wp\/v2\/media?parent=78557"}],"wp:term":[{"taxonomy":"category","embeddable":true,"href":"https:\/\/linitiative.ca\/International\/wp-json\/wp\/v2\/categories?post=78557"},{"taxonomy":"post_tag","embeddable":true,"href":"https:\/\/linitiative.ca\/International\/wp-json\/wp\/v2\/tags?post=78557"}],"curies":[{"name":"wp","href":"https:\/\/api.w.org\/{rel}","templated":true}]}}