{"id":78558,"date":"2020-03-09T13:04:18","date_gmt":"2020-03-09T17:04:18","guid":{"rendered":"https:\/\/linitiative.ca\/International\/le-photographe-seif-eddine-fathoun-promeut-la-beaute-de-theveste-a-travers-son-objectif\/"},"modified":"2020-03-09T13:04:18","modified_gmt":"2020-03-09T17:04:18","slug":"le-photographe-seif-eddine-fathoun-promeut-la-beaute-de-theveste-a-travers-son-objectif","status":"publish","type":"post","link":"https:\/\/linitiative.ca\/International\/le-photographe-seif-eddine-fathoun-promeut-la-beaute-de-theveste-a-travers-son-objectif\/","title":{"rendered":"Le photographe Seif Eddine Fathoun promeut la beaut\u00e9 de Th\u00e9veste \u00e0 travers son objectif"},"content":{"rendered":"<div readability=\"38\">\n<p><strong>TEBESSA &#8211; Pour le jeune photographe Seif Eddine Fathoun, originaire de T\u00e9bessa, la photographie est un moyen de promouvoir le tourisme et la culture en immortalisant, \u00e0 travers son objectif, le charme ensorcelant de la nature qui caract\u00e9rise sa wilaya en vue de la faire faire d\u00e9couvrir.<\/strong><\/p>\n<\/div>\n<div readability=\"88\">\n<p>Ce jeune homme de 27 ans, qui participe depuis dimanche \u00e0 la deuxi\u00e8me \u00e9dition du Salon national de la photographie, tenu \u00e0 la Maison de la culture Mohamed Chebouki, a \u00e9merveill\u00e9 les visiteurs avec ses \u0153uvres exhalant la beaut\u00e9 de la nature et des diff\u00e9rents monuments historiques que rec\u00e8le l&rsquo;antique Th\u00e9veste, \u00e0 travers l&rsquo;objectif de son appareil photo.<\/p>\n<p>Approch\u00e9 par l&rsquo;APS au niveau du stand qui lui a \u00e9t\u00e9 d\u00e9di\u00e9 dans le cadre de cette manifestation artistique, qui prendra fin mardi, Seif Eddine a confi\u00e9 que \u00a0\u00bbles \u00e9tudes universitaires dans la communication et les m\u00e9dias, le master obtenu \u00e0 l&rsquo;universit\u00e9 Larbi T\u00e9bessi et une formation effectu\u00e9e au sein de l&rsquo;atelier de l&rsquo;audio-visuel de la Maison de la Culture Mohamed Chebouki ont contribu\u00e9 \u00e0 l&rsquo;\u00e9closion de cette passion pour la photographie\u00a0\u00bb.<\/p>\n<p>Et d&rsquo;ajouter: \u00ab\u00a0Je m&rsquo;int\u00e9resse \u00e0 toutes les nouveaut\u00e9s dans le domaine de la photographie pour connaitre les derni\u00e8res techniques et les appareils photo les plus r\u00e9cents utilis\u00e9s.\u00a0\u00bb<\/p>\n<p>Il a \u00e9galement soulign\u00e9 que \u00a0\u00bbla beaut\u00e9 de T\u00e9bessa, ses paysages attrayants et envo\u00fbtants et ses divers monuments arch\u00e9ologiques, constituent les principaux th\u00e8mes des photographies captur\u00e9es\u00a0\u00bb, faisant savoir qu&rsquo;il \u00a0\u00bbsouhaite les faire partager en participant \u00e0 diff\u00e9rents manifestations culturelles et expositions\u00a0\u00bb, et ce, en prenant \u00a0\u00bbla responsabilit\u00e9 de promouvoir le tourisme dans cette wilaya frontali\u00e8re\u00a0\u00bb.<\/p>\n<blockquote readability=\"13\">\n<p><em><strong>\u00a0\u00bbJ&rsquo;ai immortalis\u00e9 avec mon appareil photo des milliers de photographies et r\u00e9alis\u00e9 des vid\u00e9os promotionnelles de divers sites et monuments arch\u00e9ologiques dont regorge la wilaya de T\u00e9bessa. J&rsquo;ai \u00e9galement expos\u00e9 ces \u0153uvres dans des expositions organis\u00e9es dans plusieurs wilayas du pays comme Bejaia, Jijel, Gharda\u00efa, M\u00e9d\u00e9a et Constantine, des exp\u00e9riences \u00e0 jamais grav\u00e9es dans mon esprit \u00ab\u00a0, a rench\u00e9ri le jeune photographe.<\/strong><\/em><\/p>\n<\/blockquote>\n<p>S&rsquo;agissant de sa plus importante participation \u00e0 une manifestation du genre, Seif Eddine a \u00e9voqu\u00e9 une exposition en 2019 \u00e0 Nabeul (Tunisie), intitul\u00e9e \u00ab\u00a0Nabeul sous un regard alg\u00e9rien et tunisien\u00a0\u00bb, affirmant que \u00a0\u00bbcette premi\u00e8re participation internationale constituera une occasion de participer \u00e0 l&rsquo;avenir \u00e0 d&rsquo;autres expositions \u00e0 l&rsquo;ext\u00e9rieur du pays, d&rsquo;autant plus que cela permet de d\u00e9couvrir des personnes talentueuses qui excellent dans le milieu de la photographie\u00a0\u00bb.<\/p>\n<p>En r\u00e9ponse \u00e0 une question sur son \u00a0\u00bbambition\u00a0\u00bb dans ce domaine, Seif Eddine reconnait qu&rsquo;il \u00a0\u00bbaspire \u00e0 \u00e9laborer un guide touristique de la wilaya de T\u00e9bessa comprenant les plus belles photos des diff\u00e9rentes zones touristiques et arch\u00e9ologiques qu&rsquo;elle renferme\u00a0\u00bb, soulignant qu&rsquo;il est entrain de \u00a0\u00bbr\u00e9unir des centaines de photos en attendant d&rsquo;obtenir des indications pr\u00e9cises sur chaque site aupr\u00e8s des autorit\u00e9s comp\u00e9tentes\u00a0\u00bb.<\/p>\n<p>Pour conclure, ce jeune photographe a exhort\u00e9 les passionn\u00e9s de photographie \u00ab\u00a0\u00e0 garder confiance et \u00e0 faire preuve de patience pour pouvoir capturer les photos souhait\u00e9es, et ce, en investissant n\u00e9cessairement le terrain pour atteindre l&rsquo;objectif escompt\u00e9\u00a0\u00bb.<\/p>\n<\/div>\n<p>Auteur:<br \/>\n<a href=\"http:\/\/www.aps.dz\/culture\/102751-le-photographe-seif-eddine-fathoun-promeut-la-beaute-de-theveste-a-travers-son-objectif\">Cliquez ici pour lire l&rsquo;article depuis sa source.<\/a><\/p>\n","protected":false},"excerpt":{"rendered":"<p>TEBESSA &#8211; Pour le jeune photographe Seif Eddine Fathoun, originaire de T\u00e9bessa, la photographie est un moyen de promouvoir le tourisme et la culture en immortalisant, \u00e0 travers son objectif, le charme ensorcelant de la nature qui caract\u00e9rise sa wilaya en vue de la faire faire d\u00e9couvrir. Ce jeune homme de 27 ans, qui participe [&hellip;]<\/p>\n","protected":false},"author":1790,"featured_media":0,"comment_status":"closed","ping_status":"closed","sticky":false,"template":"","format":"standard","meta":{"fifu_image_url":"","fifu_image_alt":"","footnotes":""},"categories":[53,79],"tags":[],"class_list":["post-78558","post","type-post","status-publish","format-standard","hentry","category-algerie","category-culture"],"_links":{"self":[{"href":"https:\/\/linitiative.ca\/International\/wp-json\/wp\/v2\/posts\/78558","targetHints":{"allow":["GET"]}}],"collection":[{"href":"https:\/\/linitiative.ca\/International\/wp-json\/wp\/v2\/posts"}],"about":[{"href":"https:\/\/linitiative.ca\/International\/wp-json\/wp\/v2\/types\/post"}],"author":[{"embeddable":true,"href":"https:\/\/linitiative.ca\/International\/wp-json\/wp\/v2\/users\/1790"}],"replies":[{"embeddable":true,"href":"https:\/\/linitiative.ca\/International\/wp-json\/wp\/v2\/comments?post=78558"}],"version-history":[{"count":0,"href":"https:\/\/linitiative.ca\/International\/wp-json\/wp\/v2\/posts\/78558\/revisions"}],"wp:attachment":[{"href":"https:\/\/linitiative.ca\/International\/wp-json\/wp\/v2\/media?parent=78558"}],"wp:term":[{"taxonomy":"category","embeddable":true,"href":"https:\/\/linitiative.ca\/International\/wp-json\/wp\/v2\/categories?post=78558"},{"taxonomy":"post_tag","embeddable":true,"href":"https:\/\/linitiative.ca\/International\/wp-json\/wp\/v2\/tags?post=78558"}],"curies":[{"name":"wp","href":"https:\/\/api.w.org\/{rel}","templated":true}]}}