{"id":78564,"date":"2020-03-09T05:27:42","date_gmt":"2020-03-09T09:27:42","guid":{"rendered":"https:\/\/linitiative.ca\/International\/mise-a-nu-des-souffrances-des-femmes-sequestrees-a-tindouf\/"},"modified":"2020-03-09T05:27:42","modified_gmt":"2020-03-09T09:27:42","slug":"mise-a-nu-des-souffrances-des-femmes-sequestrees-a-tindouf","status":"publish","type":"post","link":"https:\/\/linitiative.ca\/International\/mise-a-nu-des-souffrances-des-femmes-sequestrees-a-tindouf\/","title":{"rendered":"Mise \u00e0 nu des souffrances des femmes s\u00e9questr\u00e9es \u00e0 Tindouf"},"content":{"rendered":"<div readability=\"36\">\n<p>Marrakech- Les participants \u00e0 la 1\u00e8re Conf\u00e9rence internationale pour la d\u00e9fense de la femme arabe et africaine ont appel\u00e9, dimanche \u00e0 Marrakech, \u00e0 mettre un terme aux souffrances et exactions subies par les femmes s\u00e9questr\u00e9es dans les camps de la honte \u00e0 Tindouf.<\/p>\n<\/div>\n<div readability=\"127\">\n<p>Les intervenants \u00e0 cette rencontre, organis\u00e9e par l\u2019Association Sahraouie de solidarit\u00e9 en faveur du projet d\u2019autonomie sous le th\u00e8me \u00ab\u00a0la femme : perspectives d\u2019avenir, pilier de d\u00e9veloppement\u00a0\u00bb,\u00a0ont relev\u00e9 que les femmes s\u00e9questr\u00e9es dans les camps de Tindouf dans des conditions inhumaines et atroces souffrent de violations flagrantes des droits de l\u2019Homme et vivent dans une situation d\u00e9plorable marqu\u00e9e par la privation de leurs droits les plus \u00e9l\u00e9mentaires.<\/p>\n<p>Intervenant \u00e0 cette occasion, la pr\u00e9sidente de l\u2019Association Sahraouie de solidarit\u00e9 en faveur du projet d\u2019autonomie, Mme Zahra Hidara, a indiqu\u00e9 que ces femmes s\u00e9questr\u00e9es ne c\u00e9l\u00e8brent pas cette ann\u00e9e encore la Journ\u00e9e Internationale de la Femme comme le font d\u2019autres femmes marocaines, en raison des exactions qu\u2019elles subissent au quotidien et des violations de leurs droits, rappelant que les femmes sahraouies d\u00e9tenues dans les camps de la honte demeurent les premi\u00e8res victimes des r\u00e9percussions de ce conflit artificiel mont\u00e9 de toutes pi\u00e8ces par les ennemis de l\u2019int\u00e9grit\u00e9 territoriale du Royaume.<\/p>\n<p>Mme Hidara a d\u00e9plor\u00e9 le fait que les cris de souffrances de ces femmes ne parviennent toujours pas aux organisations internationales \u00e0 cause du blocus impos\u00e9 par l\u2019entit\u00e9 fantoche du polisario, soulignant, dans ce sens, la n\u00e9cessit\u00e9 de garantir la protection internationale aux femmes s\u00e9questr\u00e9es \u00e0 Tindouf et d\u2019oeuvrer en vue de leur permettre de regagner le Maroc, leur m\u00e8re-patrie.<\/p>\n<p>De son c\u00f4t\u00e9, le Pr. Mohamed Takiallah Ma\u00e2 El Ainine, enseignant universitaire, a, \u00e0 l\u2019occasion de la c\u00e9l\u00e9bration de la Journ\u00e9e Internationale de la Femme, exprim\u00e9 toute sa solidarit\u00e9 avec l\u2019ensemble des femmes africaines et arabes, notant que la femme arabe et sa consoeur africaine ont fait leurs preuves dans tous les domaines et contribuent de fa\u00e7on positive au d\u00e9veloppement de leurs soci\u00e9t\u00e9s.<\/p>\n<p>En d\u00e9pit de ces avanc\u00e9es, un obstacle psychologique persiste dans les soci\u00e9t\u00e9s arabes et africaines, notamment en ce qui concerne la compr\u00e9hension de la compl\u00e9mentarit\u00e9 existante entre les r\u00f4les de l\u2019homme et de la femme, a-t-il estim\u00e9, appelant l\u2019ONU-Femmes \u00e0 \u00e9mettre des recommandations contraignantes pour les pays \u00e0 m\u00eame de les inscrire dans leurs Constitutions respectives afin de garantir l\u2019\u00e9galit\u00e9 des sexes et permettre aux femmes de jouir de leurs pleins droits.<\/p>\n<p>Dans ce cadre, M. Ma\u00e2 El Ainine a affirm\u00e9 que la femme marocaine a accompli, sous le r\u00e8gne de Sa Majest\u00e9 le Roi Mohammed VI,\u00a0de grands progr\u00e8s, notamment \u00e0 travers la r\u00e9forme de la Moudawana et les diff\u00e9rents projets sociaux port\u00e9s par l\u2019Initiative Nationale pour le D\u00e9veloppement Humain (INDH), relevant que l\u2019exp\u00e9rience marocaine se veut un mod\u00e8le \u00e9loquent pour le monde arabo-musulman.<\/p>\n<p>La secr\u00e9taire g\u00e9n\u00e9rale du minist\u00e8re burkinab\u00e8 de la s\u00e9curit\u00e9, Mme Ma\u00efmouna Thiombiano, a pr\u00e9cis\u00e9 que le Maroc constitue un mod\u00e8le pour l\u2019Afrique dans le domaine du respect des droits de l\u2019Homme, notant que la femme africaine et sa consoeur arabe font face \u00e0 des d\u00e9fis communs.<\/p>\n<p>Dans ce sens, elle a fait remarquer que la pauvret\u00e9 touche plus les femmes que les hommes, estimant qu\u2019avec de la volont\u00e9, les femmes africaines et arabes pourront relever tous les d\u00e9fis et surmonter tous les obstacles.<\/p>\n<p>La pr\u00e9sidente de l\u2019Union des journalistes omanais, Mme Aziza Rashid Al Balushi, a, quant \u00e0 elle, rendu hommage \u00e0 l\u2019action de Mme Zahra Hidara qui ne m\u00e9nage aucun effort pour d\u00e9fendre l\u2019int\u00e9grit\u00e9 territoriale du Maroc.<\/p>\n<p>En d\u00e9pit de toutes les l\u00e9gislations, les femmes arabes et africaines continuent de souffrir des violations de leurs droits, a-t-elle d\u00e9plor\u00e9, ajoutant que les soci\u00e9t\u00e9s arabes et africaines trouvent encore des difficult\u00e9s \u00e0 admettre l\u2019acc\u00e8s de la femme aux postes de prise de d\u00e9cisions.<\/p>\n<p>Cette rencontre se fixait pour mission de jeter la lumi\u00e8re sur les attentes de la femme arabe et celle africaine, ainsi que sur les obstacles se dressant devant l\u2019autonomisation des femmes, tout en passant en revue les r\u00e9alisations et les acquis en la mati\u00e8re.<\/p>\n<p>Au programme de cette conf\u00e9rence, figuraient notamment des ateliers, outre un hommage rendu \u00e0 plusieurs femmes africaines et arabes pour leurs actions remarquables dans divers domaines.<\/p>\n<\/div>\n<p>Auteur: Mohammed KOURSI<br \/>\n<a href=\"http:\/\/www.mapmarrakech.ma\/fr\/mise-a-nu-des-souffrances-des-femmes-sequestrees-a-tindouf\/\">Cliquez ici pour lire l&rsquo;article depuis sa source.<\/a><\/p>\n","protected":false},"excerpt":{"rendered":"<p>Marrakech- Les participants \u00e0 la 1\u00e8re Conf\u00e9rence internationale pour la d\u00e9fense de la femme arabe et africaine ont appel\u00e9, dimanche \u00e0 Marrakech, \u00e0 mettre un terme aux souffrances et exactions subies par les femmes s\u00e9questr\u00e9es dans les camps de la honte \u00e0 Tindouf. Les intervenants \u00e0 cette rencontre, organis\u00e9e par l\u2019Association Sahraouie de solidarit\u00e9 en [&hellip;]<\/p>\n","protected":false},"author":1788,"featured_media":0,"comment_status":"closed","ping_status":"closed","sticky":false,"template":"","format":"standard","meta":{"fifu_image_url":"","fifu_image_alt":"","footnotes":""},"categories":[54,76],"tags":[],"class_list":["post-78564","post","type-post","status-publish","format-standard","hentry","category-maroc","category-regions"],"_links":{"self":[{"href":"https:\/\/linitiative.ca\/International\/wp-json\/wp\/v2\/posts\/78564","targetHints":{"allow":["GET"]}}],"collection":[{"href":"https:\/\/linitiative.ca\/International\/wp-json\/wp\/v2\/posts"}],"about":[{"href":"https:\/\/linitiative.ca\/International\/wp-json\/wp\/v2\/types\/post"}],"author":[{"embeddable":true,"href":"https:\/\/linitiative.ca\/International\/wp-json\/wp\/v2\/users\/1788"}],"replies":[{"embeddable":true,"href":"https:\/\/linitiative.ca\/International\/wp-json\/wp\/v2\/comments?post=78564"}],"version-history":[{"count":0,"href":"https:\/\/linitiative.ca\/International\/wp-json\/wp\/v2\/posts\/78564\/revisions"}],"wp:attachment":[{"href":"https:\/\/linitiative.ca\/International\/wp-json\/wp\/v2\/media?parent=78564"}],"wp:term":[{"taxonomy":"category","embeddable":true,"href":"https:\/\/linitiative.ca\/International\/wp-json\/wp\/v2\/categories?post=78564"},{"taxonomy":"post_tag","embeddable":true,"href":"https:\/\/linitiative.ca\/International\/wp-json\/wp\/v2\/tags?post=78564"}],"curies":[{"name":"wp","href":"https:\/\/api.w.org\/{rel}","templated":true}]}}