{"id":78574,"date":"2020-03-09T07:15:00","date_gmt":"2020-03-09T11:15:00","guid":{"rendered":"https:\/\/linitiative.ca\/International\/une-nouvelle-politique-industrielle-pour-lue\/"},"modified":"2020-03-09T07:15:00","modified_gmt":"2020-03-09T11:15:00","slug":"une-nouvelle-politique-industrielle-pour-lue","status":"publish","type":"post","link":"https:\/\/linitiative.ca\/International\/une-nouvelle-politique-industrielle-pour-lue\/","title":{"rendered":"Une nouvelle politique indus\u00adtrielle pour l\u2019UE"},"content":{"rendered":"<div class=\"author\" readability=\"5.6\">Par <a href=\"\/content\/l-economiste\">L&rsquo;Economiste<\/a> <a href=\"\/node\/\"> <\/a> | Edition N\u00b0:5713 Le 06\/03\/2020 | Partager <\/div>\n<div class=\"body\">\n<div class=\"field field-name-body field-type-text-with-summary field-label-hidden\">\n<div class=\"field-items\" readability=\"11\">\n<div class=\"field-item even\" property=\"content:encoded\" readability=\"17\">\n<p class=\"rtejustify\">Thierry Breton, le commissaire au march\u00e9 int\u00e9rieur, d\u00e9voilera le 10 mars prochain les grands axes de la politique industrielle europ\u00e9enne. Il s\u2019est d\u2019ailleurs exprim\u00e9 longuement sur le sujet dans une interview paru dans le journal fran\u00e7ais Le Figaro dat\u00e9 du mardi 3 mars 2020. L\u2019enjeu est de \u00abposer les bases d\u2019une industrie puissante et arm\u00e9e face aux am\u00adbitions du pr\u00e9sident chinois Xi Jinping et \u00e0 la politique du rapport de force du pr\u00e9sident am\u00e9ricain Donald Trump\u00bb. Cette strat\u00e9gie, souligne Thierry Bre\u00adton, est aussi \u00abpercut\u00e9e par la r\u00e9volution num\u00e9rique qui transforme en profondeur toutes les industries et oblige l\u2019Europe \u00e0 penser sa souverainet\u00e9 technologique\u00bb. Au fait, \u00abil ne s\u2019agit plus de raisonner en termes de produits ni m\u00eame de secteurs mais d\u2019\u00e9cosyst\u00e8mes\u00bb. Une vingtaine a \u00e9t\u00e9 d\u00e9termin\u00e9e (automobile, a\u00e9ronautique, hydrog\u00e8ne\u2026).<\/p>\n<\/div>\n<\/div>\n<\/div>\n<\/div>\n<div class=\"eco-conseil\">\n<div class=\"view view-eco-conseil-16 view-id-eco_conseil_16 view-display-id-cookies view-dom-id-296b5cc201941933863bda7121f1cb91\">\n<div class=\"view-content\">\n<div id=\"views-bootstrap-grid-1\" class=\"views-bootstrap-grid-plugin-style\">\n<div class=\"row\">\n<div class=\" col-xs-12 col-lg-4\">\n<div class=\"row\">\n<div class=\"col col-xs-12 col-lg-12\">\n<div class=\"field-content\"><a href=\"\/article\/1058344-usa-la-campagne-presidentielle-bat-son-plein\"><img loading=\"lazy\" decoding=\"async\" class=\"img-responsive\" typeof=\"foaf:Image\" src=\"https:\/\/www.leconomiste.com\/sites\/default\/files\/eco7\/public\/styles\/800x400\/public\/default_images\/default_une.jpg?itok=4jZlgnIZ\" width=\"660\" height=\"330\" alt=\"\"\/><\/a><\/div>\n<\/div>\n<div class=\" title_suite_2 col col-xs-12 col-lg-12\"> <a href=\"\/article\/1058344-usa-la-campagne-presidentielle-bat-son-plein\"\/><span class=\"field-content\">USA: La campagne pr\u00e9sidentielle bat son plein<\/span><\/div>\n<\/div>\n<\/div>\n<div class=\" col-xs-12 col-lg-4\">\n<div class=\"row\">\n<div class=\"col col-xs-12 col-lg-12\">\n<div class=\"field-content\"><a href=\"\/article\/1058313-reforme-des-retraites-france-le-bout-du-tunnel\"><img loading=\"lazy\" decoding=\"async\" class=\"img-responsive\" typeof=\"foaf:Image\" src=\"https:\/\/www.leconomiste.com\/sites\/default\/files\/eco7\/public\/styles\/800x400\/public\/default_images\/default_une.jpg?itok=4jZlgnIZ\" width=\"660\" height=\"330\" alt=\"\"\/><\/a><\/div>\n<\/div>\n<div class=\" title_suite_2 col col-xs-12 col-lg-12\"> <a href=\"\/article\/1058313-reforme-des-retraites-france-le-bout-du-tunnel\"\/><span class=\"field-content\">R\u00e9forme des retraites\/France: \u00abLe bout du tunnel\u2026\u00bb <\/span><\/div>\n<\/div>\n<\/div>\n<\/div>\n<\/div>\n<\/div>\n<\/div>\n<\/div>\n<p>Auteur: hlafriqi<br \/>\n<a href=\"https:\/\/www.leconomiste.com\/article\/1058312-une-nouvelle-politique-industrielle-pour-l-ue\">Cliquez ici pour lire l&rsquo;article depuis sa source.<\/a><\/p>\n","protected":false},"excerpt":{"rendered":"<p>Par L&rsquo;Economiste | Edition N\u00b0:5713 Le 06\/03\/2020 | Partager Thierry Breton, le commissaire au march\u00e9 int\u00e9rieur, d\u00e9voilera le 10 mars prochain les grands axes de la politique industrielle europ\u00e9enne. Il s\u2019est d\u2019ailleurs exprim\u00e9 longuement sur le sujet dans une interview paru dans le journal fran\u00e7ais Le Figaro dat\u00e9 du mardi 3 mars 2020. L\u2019enjeu est [&hellip;]<\/p>\n","protected":false},"author":1763,"featured_media":0,"comment_status":"closed","ping_status":"closed","sticky":false,"template":"","format":"standard","meta":{"fifu_image_url":"","fifu_image_alt":"","footnotes":""},"categories":[78,54],"tags":[],"class_list":["post-78574","post","type-post","status-publish","format-standard","hentry","category-economie","category-maroc"],"_links":{"self":[{"href":"https:\/\/linitiative.ca\/International\/wp-json\/wp\/v2\/posts\/78574","targetHints":{"allow":["GET"]}}],"collection":[{"href":"https:\/\/linitiative.ca\/International\/wp-json\/wp\/v2\/posts"}],"about":[{"href":"https:\/\/linitiative.ca\/International\/wp-json\/wp\/v2\/types\/post"}],"author":[{"embeddable":true,"href":"https:\/\/linitiative.ca\/International\/wp-json\/wp\/v2\/users\/1763"}],"replies":[{"embeddable":true,"href":"https:\/\/linitiative.ca\/International\/wp-json\/wp\/v2\/comments?post=78574"}],"version-history":[{"count":0,"href":"https:\/\/linitiative.ca\/International\/wp-json\/wp\/v2\/posts\/78574\/revisions"}],"wp:attachment":[{"href":"https:\/\/linitiative.ca\/International\/wp-json\/wp\/v2\/media?parent=78574"}],"wp:term":[{"taxonomy":"category","embeddable":true,"href":"https:\/\/linitiative.ca\/International\/wp-json\/wp\/v2\/categories?post=78574"},{"taxonomy":"post_tag","embeddable":true,"href":"https:\/\/linitiative.ca\/International\/wp-json\/wp\/v2\/tags?post=78574"}],"curies":[{"name":"wp","href":"https:\/\/api.w.org\/{rel}","templated":true}]}}