{"id":78575,"date":"2020-03-09T07:30:00","date_gmt":"2020-03-09T11:30:00","guid":{"rendered":"https:\/\/linitiative.ca\/International\/reforme-des-retraites-france-le-bout-du-tunnel\/"},"modified":"2020-03-09T07:30:00","modified_gmt":"2020-03-09T11:30:00","slug":"reforme-des-retraites-france-le-bout-du-tunnel","status":"publish","type":"post","link":"https:\/\/linitiative.ca\/International\/reforme-des-retraites-france-le-bout-du-tunnel\/","title":{"rendered":"R\u00e9forme des retraites\/France: \u00abLe bout du tunnel\u2026\u00bb"},"content":{"rendered":"<p class=\"rtejustify\">En France, une vraie bataille parle\u00admentaire s\u2019est engag\u00e9e sur le sujet de la r\u00e9forme des retraites. L\u2019Assembl\u00e9e natio\u00adnale a vot\u00e9 mercredi 4 mars dans la soir\u00e9e le principe d\u2019une r\u00e8gle d\u2019or sur l\u2019\u00e9quilibre financier du futur syst\u00e8me universel de retraites, lors de l\u2019examen du second volet de la r\u00e9forme.<\/p>\n<p class=\"rtejustify\">Une r\u00e8gle de plomb aux yeux de la gauche de la gauche. Vot\u00e9 \u00e0 77 voix contre 21, l\u2019article 1 de ce projet de loi organique vise \u00e0 fixer une trajectoire pluriannuelle d\u2019\u00e9quilibre financier par tranches de cinq ans.<\/p>\n<p class=\"rtejustify\">Sans surprise, l\u2019Assembl\u00e9e avait re\u00adjet\u00e9 mardi dans la soir\u00e9e les motions de censure de droite comme de gauche op\u00adpos\u00e9es \u00e0 Edouard Philippe et son recours au 49-3 pour faire passer la r\u00e9forme des retraites, adopt\u00e9e de facto en premi\u00e8re lecture.<br \/>Le Premier ministre avait d\u00e9nonc\u00e9 plus t\u00f4t \u00e0 la tribune les \u00abcombines proc\u00e9durales mani\u00e9es par la gauche de la gauche pour faire de l\u2019obstruction sur ce projet visant \u00e0 cr\u00e9er un syst\u00e8me universel par points\u00bb.<\/p>\n<p class=\"rtejustify\">Apr\u00e8s 13 jours d\u2019un long parcours \u00e0 l\u2019Assembl\u00e9e en premi\u00e8re lecture, Edouard Philippe avait sign\u00e9 samedi dernier la fin de la partie avec le recours surprise au 49-3. Cet outil constitutionnel permettant de faire adopter le texte sans vote, en engageant la responsabilit\u00e9 du gouvernement. Aussit\u00f4t, LR et les trois groupes de gauche avaient d\u00e9pos\u00e9 leurs motions.<\/p>\n<p class=\"rtejustify\">R\u00e9cusant tout \u00abcoup de force\u00bb, le Pre\u00admier ministre a observ\u00e9 qu\u2019il aurait fallu \u00ab8 semaines, week-end compris, pour arriver au bout\u00bb. Avoir une minorit\u00e9 qui \u00abbloque syst\u00e9matiquement les questions de fond n\u2019est pas \u00e0 l\u2019honneur du d\u00e9bat parlemen\u00adtaire\u00bb, a-t-il ajout\u00e9.<\/p>\n<p class=\"rtejustify\">Le tout en vantant un texte de compromis avec l\u2019int\u00e9gration de 180 amendements issus des diff\u00e9rents bancs et des discussions avec les parte\u00adnaires sociaux. \u00abLa majorit\u00e9 r\u00e9affirme son soutien franc et massif au gouvernement\u00bb, ont estim\u00e9 plusieurs marcheurs apr\u00e8s le rejet des motions. Dans la rue, les oppo\u00adsants \u00e0 la r\u00e9forme, mobilis\u00e9s depuis le 5 d\u00e9cembre, continuent le combat.<\/p>\n<p class=\"rtejustify\">Les d\u00e9put\u00e9s avaient aussi au menu le projet de loi organique accompagnant la r\u00e9forme et objet de 1.800 amendements. Le texte poursuivra ensuite son parcours au S\u00e9nat \u00e0 majorit\u00e9 de droite en avril, avant de revenir \u00e0 l\u2019Assembl\u00e9e. Le gouvernement visant toujours une adoption d\u00e9finitive avant l\u2019\u00e9t\u00e9.<\/p>\n<p class=\"rtejustify\"><em>F. Z. T.<\/em><\/p>\n<p class=\"rtejustify\">\u00a0<\/p>\n<p>Auteur: hlafriqi<br \/>\n<a href=\"https:\/\/www.leconomiste.com\/article\/1058313-reforme-des-retraites-france-le-bout-du-tunnel\">Cliquez ici pour lire l&rsquo;article depuis sa source.<\/a><\/p>\n","protected":false},"excerpt":{"rendered":"<p>En France, une vraie bataille parle\u00admentaire s\u2019est engag\u00e9e sur le sujet de la r\u00e9forme des retraites. L\u2019Assembl\u00e9e natio\u00adnale a vot\u00e9 mercredi 4 mars dans la soir\u00e9e le principe d\u2019une r\u00e8gle d\u2019or sur l\u2019\u00e9quilibre financier du futur syst\u00e8me universel de retraites, lors de l\u2019examen du second volet de la r\u00e9forme. Une r\u00e8gle de plomb aux yeux [&hellip;]<\/p>\n","protected":false},"author":1763,"featured_media":0,"comment_status":"closed","ping_status":"closed","sticky":false,"template":"","format":"standard","meta":{"fifu_image_url":"","fifu_image_alt":"","footnotes":""},"categories":[78,54],"tags":[],"class_list":["post-78575","post","type-post","status-publish","format-standard","hentry","category-economie","category-maroc"],"_links":{"self":[{"href":"https:\/\/linitiative.ca\/International\/wp-json\/wp\/v2\/posts\/78575","targetHints":{"allow":["GET"]}}],"collection":[{"href":"https:\/\/linitiative.ca\/International\/wp-json\/wp\/v2\/posts"}],"about":[{"href":"https:\/\/linitiative.ca\/International\/wp-json\/wp\/v2\/types\/post"}],"author":[{"embeddable":true,"href":"https:\/\/linitiative.ca\/International\/wp-json\/wp\/v2\/users\/1763"}],"replies":[{"embeddable":true,"href":"https:\/\/linitiative.ca\/International\/wp-json\/wp\/v2\/comments?post=78575"}],"version-history":[{"count":0,"href":"https:\/\/linitiative.ca\/International\/wp-json\/wp\/v2\/posts\/78575\/revisions"}],"wp:attachment":[{"href":"https:\/\/linitiative.ca\/International\/wp-json\/wp\/v2\/media?parent=78575"}],"wp:term":[{"taxonomy":"category","embeddable":true,"href":"https:\/\/linitiative.ca\/International\/wp-json\/wp\/v2\/categories?post=78575"},{"taxonomy":"post_tag","embeddable":true,"href":"https:\/\/linitiative.ca\/International\/wp-json\/wp\/v2\/tags?post=78575"}],"curies":[{"name":"wp","href":"https:\/\/api.w.org\/{rel}","templated":true}]}}