{"id":78582,"date":"2020-03-09T15:14:08","date_gmt":"2020-03-09T19:14:08","guid":{"rendered":"https:\/\/linitiative.ca\/International\/international-fc-barcelone-un-salaire-encore-plus-haut-pour-lionel-messi\/"},"modified":"2020-03-09T15:14:08","modified_gmt":"2020-03-09T19:14:08","slug":"international-fc-barcelone-un-salaire-encore-plus-haut-pour-lionel-messi","status":"publish","type":"post","link":"https:\/\/linitiative.ca\/International\/international-fc-barcelone-un-salaire-encore-plus-haut-pour-lionel-messi\/","title":{"rendered":"International : FC Barcelone : Un salaire encore plus haut pour Lionel Messi ?"},"content":{"rendered":"<div readability=\"32\">\n<p>Auteur : <span class=\"time\">lundi 09 mars 2020 15:30<\/span><\/p>\n<\/div>\n<div id=\"post_core\" readability=\"39\">\n<p>Une clause dans son contrat lui permettrait m\u00eame de partir librement de la Catalogne pour un club hors Europe d\u00e8s la fin de cette saison. Les dirigeants Blaugranas sont conscients du danger repr\u00e9sent\u00e9 par une \u00e9ventuelle perte de leur joyau. Et selon Les-Transferts, la direction catalane seraient en train de travailler sur une prolongation de contrat jusqu\u2019\u00e0 2023 avec une \u00e9ni\u00e8me revalorisation salariale lui offrant une r\u00e9mun\u00e9ration annuelle de 50 millions d\u2019euros. Les n\u00e9gociations sont en cours entre les repr\u00e9sentants du joueur et le club qui a fait de ce dossier une priorit\u00e9. Malgr\u00e9 une masse salariale \u00e9norme qui rentre tout juste dans les limites du Fair-Paly Financier, les Blaugranas veulent s\u2019assurer de pouvoir conserver leur crack avant de s\u2019adapter pour les autres joueurs. Lionel Messi est d\u00e9j\u00e0 de loin le footballeur le mieux pay\u00e9 au monde avec un salaire de 46 millions d\u2019euros par an et un tel accord le ferait rester dans son club de toujours jusqu\u2019\u00e0 ses 36 ans. Il pourrait donc rester dans un top club europ\u00e9en jusqu\u2019\u00e0 la Coupe du Monde 2022 et repousser le moment tant craint par les fans du Bar\u00e7a o\u00f9 il devra quitter le club.<\/p>\n<p><strong>Publi\u00e9 dans :<\/strong> <span>messi<\/span> <span>bar\u00e7a<\/span><\/p>\n<\/div>\n<p>Auteur:<br \/>\n<a href=\"http:\/\/www.lebuteur.com\/article\/detail?titre=fc-barcelone-un-salaire-encore-plus-haut-pour-lionel-messi&#038;id=95211&#038;utm_source=feedburner&#038;utm_medium=feed&#038;utm_campaign=Feed%3A+GalerieFArtciles+%28Les+derniers+articles++-+lebuteur.com%29\">Cliquez ici pour lire l&rsquo;article depuis sa source.<\/a><\/p>\n","protected":false},"excerpt":{"rendered":"<p>Auteur : lundi 09 mars 2020 15:30 Une clause dans son contrat lui permettrait m\u00eame de partir librement de la Catalogne pour un club hors Europe d\u00e8s la fin de cette saison. Les dirigeants Blaugranas sont conscients du danger repr\u00e9sent\u00e9 par une \u00e9ventuelle perte de leur joyau. Et selon Les-Transferts, la direction catalane seraient en [&hellip;]<\/p>\n","protected":false},"author":1738,"featured_media":78583,"comment_status":"closed","ping_status":"closed","sticky":false,"template":"","format":"standard","meta":{"fifu_image_url":"","fifu_image_alt":"","footnotes":""},"categories":[53,75],"tags":[],"class_list":["post-78582","post","type-post","status-publish","format-standard","has-post-thumbnail","hentry","category-algerie","category-sport"],"_links":{"self":[{"href":"https:\/\/linitiative.ca\/International\/wp-json\/wp\/v2\/posts\/78582","targetHints":{"allow":["GET"]}}],"collection":[{"href":"https:\/\/linitiative.ca\/International\/wp-json\/wp\/v2\/posts"}],"about":[{"href":"https:\/\/linitiative.ca\/International\/wp-json\/wp\/v2\/types\/post"}],"author":[{"embeddable":true,"href":"https:\/\/linitiative.ca\/International\/wp-json\/wp\/v2\/users\/1738"}],"replies":[{"embeddable":true,"href":"https:\/\/linitiative.ca\/International\/wp-json\/wp\/v2\/comments?post=78582"}],"version-history":[{"count":0,"href":"https:\/\/linitiative.ca\/International\/wp-json\/wp\/v2\/posts\/78582\/revisions"}],"wp:featuredmedia":[{"embeddable":true,"href":"https:\/\/linitiative.ca\/International\/wp-json\/"}],"wp:attachment":[{"href":"https:\/\/linitiative.ca\/International\/wp-json\/wp\/v2\/media?parent=78582"}],"wp:term":[{"taxonomy":"category","embeddable":true,"href":"https:\/\/linitiative.ca\/International\/wp-json\/wp\/v2\/categories?post=78582"},{"taxonomy":"post_tag","embeddable":true,"href":"https:\/\/linitiative.ca\/International\/wp-json\/wp\/v2\/tags?post=78582"}],"curies":[{"name":"wp","href":"https:\/\/api.w.org\/{rel}","templated":true}]}}