{"id":78586,"date":"2020-03-09T11:25:00","date_gmt":"2020-03-09T15:25:00","guid":{"rendered":"https:\/\/linitiative.ca\/International\/coronavirus-air-algerie-suspend-temporairement-ses-vols-a-destination-de-milan-communique\/"},"modified":"2020-03-09T11:25:00","modified_gmt":"2020-03-09T15:25:00","slug":"coronavirus-air-algerie-suspend-temporairement-ses-vols-a-destination-de-milan-communique","status":"publish","type":"post","link":"https:\/\/linitiative.ca\/International\/coronavirus-air-algerie-suspend-temporairement-ses-vols-a-destination-de-milan-communique\/","title":{"rendered":"Coronavirus: Air Alg\u00e9rie suspend temporairement ses vols \u00e0 destination de Milan (communiqu\u00e9)"},"content":{"rendered":"<p>La d\u00e9cision de suspendre temporairement les vols assur\u00e9s par Air Alg\u00e9rie vers Milan intervient dans le contexte des proc\u00e9dures prises par le gouvernement italien qui a impos\u00e9 dimanche des mesures draconiennes pour emp\u00eacher la propagation du coronavirus, en confinant 15 millions d&rsquo;habitants vivant dans une large partie nord du pays.\u00a0<\/p>\n<p>L&rsquo;Italie a \u00e9t\u00e9 durement touch\u00e9 par l&rsquo;\u00e9pid\u00e9mie de coronavirus &#8211; avec quelque 366 morts jusqu&rsquo;\u00e0 pr\u00e9sent. A l&rsquo;instar de l&rsquo;ensemble des compagnies a\u00e9riennes, Air Alg\u00e9rie avait d\u00e9j\u00e0 pris des dispositions pr\u00e9ventives en mettant \u00e0 la disposition des personnels naviguant des kits sanitaires (gants, masques et combinaisons sp\u00e9ciales) lors des vols \u00e0 destinations des r\u00e9gions o\u00f9 a \u00e9t\u00e9 enregistr\u00e9 le virus outre la d\u00e9sinfection des avions avant le d\u00e9collage et apr\u00e8s l&rsquo;atterrissage. (APS)<\/p>\n<p>Auteur: elmoudjahid<br \/>\n<a href=\"http:\/\/www.elmoudjahid.com\/fr\/actualites\/149572\">Cliquez ici pour lire l&rsquo;article depuis sa source.<\/a><\/p>\n","protected":false},"excerpt":{"rendered":"<p>La d\u00e9cision de suspendre temporairement les vols assur\u00e9s par Air Alg\u00e9rie vers Milan intervient dans le contexte des proc\u00e9dures prises par le gouvernement italien qui a impos\u00e9 dimanche des mesures draconiennes pour emp\u00eacher la propagation du coronavirus, en confinant 15 millions d&rsquo;habitants vivant dans une large partie nord du pays.\u00a0 L&rsquo;Italie a \u00e9t\u00e9 durement touch\u00e9 [&hellip;]<\/p>\n","protected":false},"author":1744,"featured_media":0,"comment_status":"closed","ping_status":"closed","sticky":false,"template":"","format":"standard","meta":{"fifu_image_url":"","fifu_image_alt":"","footnotes":""},"categories":[73,53],"tags":[],"class_list":["post-78586","post","type-post","status-publish","format-standard","hentry","category-actualite","category-algerie"],"_links":{"self":[{"href":"https:\/\/linitiative.ca\/International\/wp-json\/wp\/v2\/posts\/78586","targetHints":{"allow":["GET"]}}],"collection":[{"href":"https:\/\/linitiative.ca\/International\/wp-json\/wp\/v2\/posts"}],"about":[{"href":"https:\/\/linitiative.ca\/International\/wp-json\/wp\/v2\/types\/post"}],"author":[{"embeddable":true,"href":"https:\/\/linitiative.ca\/International\/wp-json\/wp\/v2\/users\/1744"}],"replies":[{"embeddable":true,"href":"https:\/\/linitiative.ca\/International\/wp-json\/wp\/v2\/comments?post=78586"}],"version-history":[{"count":0,"href":"https:\/\/linitiative.ca\/International\/wp-json\/wp\/v2\/posts\/78586\/revisions"}],"wp:attachment":[{"href":"https:\/\/linitiative.ca\/International\/wp-json\/wp\/v2\/media?parent=78586"}],"wp:term":[{"taxonomy":"category","embeddable":true,"href":"https:\/\/linitiative.ca\/International\/wp-json\/wp\/v2\/categories?post=78586"},{"taxonomy":"post_tag","embeddable":true,"href":"https:\/\/linitiative.ca\/International\/wp-json\/wp\/v2\/tags?post=78586"}],"curies":[{"name":"wp","href":"https:\/\/api.w.org\/{rel}","templated":true}]}}