{"id":78589,"date":"2020-03-09T13:03:00","date_gmt":"2020-03-09T17:03:00","guid":{"rendered":"https:\/\/linitiative.ca\/International\/presentation-de-la-nouvelle-piece-planete-geante-investir-dans-le-theatre-pour-enfant-une-priorite\/"},"modified":"2020-03-09T13:03:00","modified_gmt":"2020-03-09T17:03:00","slug":"presentation-de-la-nouvelle-piece-planete-geante-investir-dans-le-theatre-pour-enfant-une-priorite","status":"publish","type":"post","link":"https:\/\/linitiative.ca\/International\/presentation-de-la-nouvelle-piece-planete-geante-investir-dans-le-theatre-pour-enfant-une-priorite\/","title":{"rendered":"Pr\u00e9sentation de la nouvelle pi\u00e8ce \u00ab plan\u00e8te g\u00e9ante \u00bb:Investir dans le th\u00e9\u00e2tre pour enfant, une priorit\u00e9"},"content":{"rendered":"<p>Mise en sc\u00e8ne sign\u00e9 par Mohamed Islam Abbas, qui a son actif plus d\u2019une cinquantaine d\u2019\u0153uvre dont 14 pour enfant, et interpr\u00e9t\u00e9e par huit (8) jeunes com\u00e9diens issus de la wilaya de Biskra,\u00a0 qui \u00ab\u00a0sont donn\u00e9s le meilleur d\u2019eux m\u00eame pour ce travaille\u00a0\u00bb comme il a \u00e9tait pr\u00e9cis\u00e9, hier, lors d\u2019une conf\u00e9rence de presse, qui s\u2019est tenue, au TNA, soulignant que ce petit groupe s \u2019appr\u00eate \u00e0 c\u00e9l\u00e9brer l\u2019accomplissement du cursus d\u2019une nouvelle promotion qui fera le bonheur de ces enfants.<\/p>\n<p>Le metteur en sc\u00e8ne, a appel\u00e9, par cette occasion les autorit\u00e9s concern\u00e9es, en l\u2019occurrence, le minist\u00e8re de l\u2019\u00e9ducation nationale et celui de la culture, \u00ab\u00a0\u00e0 prendre des\u00a0 initiatives d\u2019introduire le th\u00e9\u00e2tre dans le cursus scolaire avec des petites formations pour ces jeunes talents,\u00a0 toute au long de l\u2019ann\u00e9e, qui seront les hommes et femmes de demain\u00bb, a-t-il indiqu\u00e9, soulignant toutefois, qu\u2019il est temps de prendre en charges cette cat\u00e9gorie enfantine, en proc\u00e9dant, \u00e0 la \u00ab\u00a0modernisation\u00a0\u00bb de ce th\u00e9\u00e2tre pour cr\u00e9er \u00ab\u00a0un r\u00e9pertoire th\u00e9\u00e2trale pour enfant\u00a0\u00bb comme est le cas pour celui des adultes.\u00a0 \u00ab\u00a0Il faut s\u2019investir d\u2019avantage dans le th\u00e9\u00e2tre pour enfant. Cela permet d\u2019avoir des comp\u00e9tences sur et qualifi\u00e9 pour l\u2019avenir de notre culture\u00a0\u00bb affirme M. Abbas, appelant aussi, \u00e0 \u00ab\u00a0faire un th\u00e9\u00e2tre pour enfant par des enfants\u00a0\u00bb. \u00a0<\/p>\n<p>Pour sa part, le directeur du th\u00e9\u00e2tre r\u00e9gional de Biskra, Mohamed Khoussa, a pr\u00e9cis\u00e9, que le choix du th\u00e9\u00e2tre Mohi\u00e9dine bachtazzi pour le premier spectacle est due aux travaux que connait celui de Biskra est sont \u00e0 90%. \u00ab\u00a0Le premier spectacle doit \u00eatre pr\u00e9sent\u00e9 dans les meilleurs conditions, chose qui n\u00e9cessite de le pr\u00e9senter au TNA\u00a0\u00bb souligne t\u2019il, pr\u00e9cisant qu\u2019il accorde une grande importance au th\u00e9\u00e2tre d\u2019enfant, parce que c\u2019est \u00ab\u00a0l\u2019avenir du th\u00e9\u00e2tre de demain\u00a0\u00bb.<\/p>\n<p>M. Khoussa, a relev\u00e9 par la m\u00eame occasion, que \u00ab\u00a0le d\u00e9veloppement du th\u00e9\u00e2tre pour adulte est tributaire du d\u00e9veloppement du th\u00e9\u00e2tre pour enfant, \u00a0chose qui nous interpelle \u00e0 revoir nos priorit\u00e9s\u00a0\u00bb a-t-il indiqu\u00e9.<\/p>\n<p>Par ailleurs, il a soulign\u00e9 que cette pi\u00e8ce sera en tourn\u00e9e, du 19 au 31 Mars dans les r\u00e9gions du Sud Du Pays, puis dans d\u2019autres wilayas du pays. \u00a0<\/p>\n<p><strong>K. A. A.<\/strong><\/p>\n<p>Auteur: elmoudjahid<br \/>\n<a href=\"http:\/\/www.elmoudjahid.com\/fr\/actualites\/149575\">Cliquez ici pour lire l&rsquo;article depuis sa source.<\/a><\/p>\n","protected":false},"excerpt":{"rendered":"<p>Mise en sc\u00e8ne sign\u00e9 par Mohamed Islam Abbas, qui a son actif plus d\u2019une cinquantaine d\u2019\u0153uvre dont 14 pour enfant, et interpr\u00e9t\u00e9e par huit (8) jeunes com\u00e9diens issus de la wilaya de Biskra,\u00a0 qui \u00ab\u00a0sont donn\u00e9s le meilleur d\u2019eux m\u00eame pour ce travaille\u00a0\u00bb comme il a \u00e9tait pr\u00e9cis\u00e9, hier, lors d\u2019une conf\u00e9rence de presse, qui [&hellip;]<\/p>\n","protected":false},"author":1744,"featured_media":0,"comment_status":"closed","ping_status":"closed","sticky":false,"template":"","format":"standard","meta":{"fifu_image_url":"","fifu_image_alt":"","footnotes":""},"categories":[73,53],"tags":[],"class_list":["post-78589","post","type-post","status-publish","format-standard","hentry","category-actualite","category-algerie"],"_links":{"self":[{"href":"https:\/\/linitiative.ca\/International\/wp-json\/wp\/v2\/posts\/78589","targetHints":{"allow":["GET"]}}],"collection":[{"href":"https:\/\/linitiative.ca\/International\/wp-json\/wp\/v2\/posts"}],"about":[{"href":"https:\/\/linitiative.ca\/International\/wp-json\/wp\/v2\/types\/post"}],"author":[{"embeddable":true,"href":"https:\/\/linitiative.ca\/International\/wp-json\/wp\/v2\/users\/1744"}],"replies":[{"embeddable":true,"href":"https:\/\/linitiative.ca\/International\/wp-json\/wp\/v2\/comments?post=78589"}],"version-history":[{"count":0,"href":"https:\/\/linitiative.ca\/International\/wp-json\/wp\/v2\/posts\/78589\/revisions"}],"wp:attachment":[{"href":"https:\/\/linitiative.ca\/International\/wp-json\/wp\/v2\/media?parent=78589"}],"wp:term":[{"taxonomy":"category","embeddable":true,"href":"https:\/\/linitiative.ca\/International\/wp-json\/wp\/v2\/categories?post=78589"},{"taxonomy":"post_tag","embeddable":true,"href":"https:\/\/linitiative.ca\/International\/wp-json\/wp\/v2\/tags?post=78589"}],"curies":[{"name":"wp","href":"https:\/\/api.w.org\/{rel}","templated":true}]}}