{"id":78590,"date":"2020-03-09T12:58:00","date_gmt":"2020-03-09T16:58:00","guid":{"rendered":"https:\/\/linitiative.ca\/International\/concert-du-groupe-feminin-espagnol-las-migas-sous-les-airs-du-flamenco\/"},"modified":"2020-03-09T12:58:00","modified_gmt":"2020-03-09T16:58:00","slug":"concert-du-groupe-feminin-espagnol-las-migas-sous-les-airs-du-flamenco","status":"publish","type":"post","link":"https:\/\/linitiative.ca\/International\/concert-du-groupe-feminin-espagnol-las-migas-sous-les-airs-du-flamenco\/","title":{"rendered":"Concert du groupe f\u00e9minin espagnol \u00ab Las Migas \u00bb :Sous les airs du flamenco"},"content":{"rendered":"<p>Organis\u00e9, par \u00a0l\u2019Ambassade d\u2019Espagne en Alg\u00e9rie et l\u2019institut Cervent\u00e8s d\u2019Alger, en collaboration avec le minist\u00e8re de la culture, ce spectacle de flamenco l\u2019intitul\u00e9 \u00ab\u00a0cuatro\u00a0\u00bb (quatre) du groupe espagnol \u00ab\u00a0las Migas\u00a0\u00bb, n\u00e9 en 2004, venu de Barcelone brise les codes du flamenco traditionnel en y incorporant des sonorit\u00e9s bossa, jazz et classique. La voix de Bego Salazar, sublim\u00e9e par les guitares de Marta Robles et Alicia Grillo et le violon de Roser Loscos, reprend avec brio le r\u00e9pertoire flamenco tout en apportant une fra\u00eecheur et une \u00e9nergie palpable sur sc\u00e8ne. Sachant, que \u00ab\u00a0Cuatro\u00a0\u00bb est le nouveau disque enregistr\u00e9 par las migas dans lequel elles incorporent des textures \u00e9lectroniques tout en revenant vers les sonorit\u00e9s du flamenco de leur d\u00e9but. C\u2019est les r\u00e9sultats de deux ann\u00e9es de pr\u00e9paration minutieuse. C\u2019est aussi le quatri\u00e8me de leur carri\u00e8re musicale, pr\u00e9cise t\u2019on.<br \/>Las migas est un quatuor form\u00e9 de quatre femmes musiciennes, guerri\u00e8res et voyageuses\u00a0: Carolina Duran au violon, Marta Robles (composition et guitare), Alicia Grillo (guitare) et la chanteuse et danseuse du groupe Carolina Fernandez. Elles se distinguent par leur diff\u00e9rence et leur similitude \u00e0 la fois, et par la fusion de cultures qu\u2019elles cr\u00e9ent lorsqu\u2019elles sont ensemble. Dans leur musique, \u00a0l\u2019auditeur s\u2019aper\u00e7oit qu\u2019elles unissent l\u2019art de leurs terres respectives avec la contribution personnelle de chacun, cr\u00e9ant ainsi un monde merveilleux, magique et ouvert aux autres cultures du monde. \u00a0\u00a0<br \/>on comprend vite qu\u2019elles sont adopt\u00e9es un style propre \u00e0 elles, et qui est diff\u00e9rent de l\u2019habituel,\u00a0 \u00e0 la fois sensible, h\u00e9t\u00e9rodoxe, moderne, avant-gardiste, mais aussi et surtout m\u00e9diterran\u00e9en. Au r\u00e9sultat, un genre difficile \u00e0 cerner ou \u00e0 d\u00e9crire mais une \u00e9nergie sur sc\u00e8ne palpable, et \u00ab\u00a0un flamenco alegre que duele\u00a0\u00bb, un flamenco heureux qui fait mal\u2026<br \/>Quinze ans apr\u00e8s la cr\u00e9ation du groupe, elles repr\u00e9sentent actuellement un petit classique du flamenco le plus f\u00e9minin et courageux avec une nomination aux latin grammys en 2017 avec leur album \u00ab\u00a0vente conmigo\u00a0\u00bb comme meilleur album de flamenco.<br \/>Elle sont bien affich\u00e9es leur bonheur de partager ces moment magique avec des femmes alg\u00e9riennes, soulignant, que \u00ab\u00a0l\u2019Alg\u00e9rie est grand pays magique\u00a0 qui a de grande ressemblances avec l\u2019Espagne. On se sent vraiment chez nous et on sent\u00a0 cette Andalousie, notre Andalousie m\u00e9diterran\u00e9enne \u00bb, lance t-elle, avec \u00e9motion et en exprimant leur contentement d\u2019\u00eatre et de d\u00e9couvrir l\u2019Alg\u00e9rie\u00a0 pour la premi\u00e8re fois.\u00a0 Elles sont chant\u00e9es, l\u2019amour,\u00a0 le pays, la terre, la vie,\u00a0 la nostalgie, l\u2019exil, la s\u00e9paration et la m\u00e9lancolie, avec une grande sensibilit\u00e9 qui aller droit au c\u0153ur et qui ne laiss\u00e9 indiff\u00e9rente l\u2019assistance. Ces dernier on eu l\u2019occasion de voyager \u00e0 travers les chefs d\u2019\u0153uvres de la musique flamenco, patrimoine immat\u00e9riel de l\u2019humanit\u00e9.<br \/>Elles ont \u00e9merveill\u00e9es le public par des extraits de leur dernier opus,\u00a0 les pi\u00e8ces, \u00ab\u00a0Playa Sanl\u00fbcar\u00a0\u00bb, \u00ab\u00a0Vente conmigo\u00a0\u00bb (viens avec moi), \u00ab\u00a0Rumba Lorca\u00a0\u00bb, \u00ab\u00a0Tangos de la Repompa\u00a0\u00bb, \u00ab\u00a0Con lo bien que yo estaba sola\u00a0\u00bb, \u00ab\u00a0Ojos Verdes\u00a0\u00bb, \u00ab\u00a0Solo violin\u00a0\u00bb, \u00ab\u00a0La maleta\u00a0\u00bb, \u00ab\u00a0Me Mueve el aire\u00a0\u00bb et \u00ab\u00a0Tu boca\u00a0\u00bb (ta bouche) ont \u00e9t\u00e9 rendues dans un \u00e9lan cr\u00e9atif et une ma\u00eetrise technique tr\u00e8s appr\u00e9ci\u00e9s par le public.<br \/>Elles sont bien affirm\u00e9es que ce spectacle est un hommage \u00e0 la bravoure et r\u00e9sistance de la femme d\u2019une mani\u00e8re g\u00e9n\u00e9ral ou qu\u2019elle soit dans le monde. De nombreux fans de flamenco sont surpris de voir qu\u2019il est pratiquement impossible de trouver une femme jouant de la guitare sur sc\u00e8ne (tablao). En g\u00e9n\u00e9ral, les spectacles de flamenco sont compos\u00e9s de chanteuses (cantaoras) et danseuses (bailaoras), mais il n\u2019est pas habituel de trouver une femme accompagnant un chanteur ou offrant un concert de guitare en solo sur sc\u00e8ne. Les femmes sont g\u00e9n\u00e9ralement cantonn\u00e9es au chant et \u00e0 la danse. Mais certaines guitaristes commencent, avec difficult\u00e9s, \u00e0 ouvrir la voie de ce monde r\u00e9serv\u00e9 aux hommes.<\/p>\n<p><strong>Kafia Ait Allouache<\/strong><\/p>\n<p>Auteur: elmoudjahid<br \/>\n<a href=\"http:\/\/www.elmoudjahid.com\/fr\/actualites\/149576\">Cliquez ici pour lire l&rsquo;article depuis sa source.<\/a><\/p>\n","protected":false},"excerpt":{"rendered":"<p>Organis\u00e9, par \u00a0l\u2019Ambassade d\u2019Espagne en Alg\u00e9rie et l\u2019institut Cervent\u00e8s d\u2019Alger, en collaboration avec le minist\u00e8re de la culture, ce spectacle de flamenco l\u2019intitul\u00e9 \u00ab\u00a0cuatro\u00a0\u00bb (quatre) du groupe espagnol \u00ab\u00a0las Migas\u00a0\u00bb, n\u00e9 en 2004, venu de Barcelone brise les codes du flamenco traditionnel en y incorporant des sonorit\u00e9s bossa, jazz et classique. La voix de Bego [&hellip;]<\/p>\n","protected":false},"author":1744,"featured_media":0,"comment_status":"closed","ping_status":"closed","sticky":false,"template":"","format":"standard","meta":{"fifu_image_url":"","fifu_image_alt":"","footnotes":""},"categories":[73,53],"tags":[],"class_list":["post-78590","post","type-post","status-publish","format-standard","hentry","category-actualite","category-algerie"],"_links":{"self":[{"href":"https:\/\/linitiative.ca\/International\/wp-json\/wp\/v2\/posts\/78590","targetHints":{"allow":["GET"]}}],"collection":[{"href":"https:\/\/linitiative.ca\/International\/wp-json\/wp\/v2\/posts"}],"about":[{"href":"https:\/\/linitiative.ca\/International\/wp-json\/wp\/v2\/types\/post"}],"author":[{"embeddable":true,"href":"https:\/\/linitiative.ca\/International\/wp-json\/wp\/v2\/users\/1744"}],"replies":[{"embeddable":true,"href":"https:\/\/linitiative.ca\/International\/wp-json\/wp\/v2\/comments?post=78590"}],"version-history":[{"count":0,"href":"https:\/\/linitiative.ca\/International\/wp-json\/wp\/v2\/posts\/78590\/revisions"}],"wp:attachment":[{"href":"https:\/\/linitiative.ca\/International\/wp-json\/wp\/v2\/media?parent=78590"}],"wp:term":[{"taxonomy":"category","embeddable":true,"href":"https:\/\/linitiative.ca\/International\/wp-json\/wp\/v2\/categories?post=78590"},{"taxonomy":"post_tag","embeddable":true,"href":"https:\/\/linitiative.ca\/International\/wp-json\/wp\/v2\/tags?post=78590"}],"curies":[{"name":"wp","href":"https:\/\/api.w.org\/{rel}","templated":true}]}}