{"id":78599,"date":"2020-03-09T13:27:00","date_gmt":"2020-03-09T17:27:00","guid":{"rendered":"https:\/\/linitiative.ca\/International\/apres-le-deces-de-sa-femme-enceinte-un-homme-agresse-par-des-medecins\/"},"modified":"2020-03-09T13:27:00","modified_gmt":"2020-03-09T17:27:00","slug":"apres-le-deces-de-sa-femme-enceinte-un-homme-agresse-par-des-medecins","status":"publish","type":"post","link":"https:\/\/linitiative.ca\/International\/apres-le-deces-de-sa-femme-enceinte-un-homme-agresse-par-des-medecins\/","title":{"rendered":"APRES LE DECES DE SA FEMME ENCEINTE  : Un homme agress\u00e9 par des m\u00e9decins"},"content":{"rendered":"<p><br id=\"sep_para_1\" class=\"sep_para access\"\/><\/p>\n<div id=\"para_1\" class=\"para_35871350 resize\">\n<div class=\"texte access firstletter\">Les services de s\u00e9curit\u00e9 de la commune Ghris dans la wilaya de Mascara ont ouvert une enqu\u00eate sur un cas de personnel m\u00e9dical ayant agress\u00e9 un citoyen qui a vu sa femme enceinte et son enfant d\u00e9c\u00e9d\u00e9s \u00e0 l\u2019h\u00f4pital de Ghris. L\u2019enqu\u00eate s\u2019est diligent\u00e9e apr\u00e8s la plainte d\u00e9pos\u00e9e par la victime aupr\u00e8s du procureur, au cours de laquelle il a accus\u00e9 l\u2019\u00e9quipe m\u00e9dicale de l\u2019avoir agress\u00e9 \u00e0 l\u2019int\u00e9rieur de l\u2019h\u00f4pital, quelques instants apr\u00e8s l\u2019avoir inform\u00e9 de la mort de sa femme. Les d\u00e9tails de l\u2019affaire remontent \u00e0 la fin de la semaine derni\u00e8re, o\u00f9 le mari \u00ab CH.L \u00bb a accompagn\u00e9 sa femme enceinte de 40 ans \u00ab K.N. \u00bb au service d\u2019obst\u00e9trique et de gyn\u00e9cologie de \u00ab Ghris \u00bb pour l\u2019accouchement , o\u00f9 l\u2019\u00e9quipe m\u00e9dicale a refus\u00e9 de la recevoir et lui a demand\u00e9 de revenir plus tard , mais son \u00e9tat s\u2019est aggrav\u00e9 , et pendant ce temps, son f\u0153tus est d\u00e9c\u00e9d\u00e9 alors qu\u2019elle souffrait d\u2019un saignement qui a compliqu\u00e9 son \u00e9tat, ce qui a n\u00e9cessit\u00e9 son transfert \u00e0 l\u2019h\u00f4pital de Mascara , dans l\u2019espoir de l\u2019aider et de la sauver, mais elle est d\u00e9c\u00e9d\u00e9e.<\/div>\n<\/div>\n<p>Auteur: Nadine<br \/>\n<a href=\"https:\/\/www.reflexiondz.net\/APRES-LE-DECES-DE-SA-FEMME-ENCEINTE-Un-homme-agresse-par-des-medecins_a61161.html\">Cliquez ici pour lire l&rsquo;article depuis sa source.<\/a><\/p>\n","protected":false},"excerpt":{"rendered":"<p>Les services de s\u00e9curit\u00e9 de la commune Ghris dans la wilaya de Mascara ont ouvert une enqu\u00eate sur un cas de personnel m\u00e9dical ayant agress\u00e9 un citoyen qui a vu sa femme enceinte et son enfant d\u00e9c\u00e9d\u00e9s \u00e0 l\u2019h\u00f4pital de Ghris. L\u2019enqu\u00eate s\u2019est diligent\u00e9e apr\u00e8s la plainte d\u00e9pos\u00e9e par la victime aupr\u00e8s du procureur, au [&hellip;]<\/p>\n","protected":false},"author":1740,"featured_media":0,"comment_status":"closed","ping_status":"closed","sticky":false,"template":"","format":"standard","meta":{"fifu_image_url":"","fifu_image_alt":"","footnotes":""},"categories":[53,76],"tags":[],"class_list":["post-78599","post","type-post","status-publish","format-standard","hentry","category-algerie","category-regions"],"_links":{"self":[{"href":"https:\/\/linitiative.ca\/International\/wp-json\/wp\/v2\/posts\/78599","targetHints":{"allow":["GET"]}}],"collection":[{"href":"https:\/\/linitiative.ca\/International\/wp-json\/wp\/v2\/posts"}],"about":[{"href":"https:\/\/linitiative.ca\/International\/wp-json\/wp\/v2\/types\/post"}],"author":[{"embeddable":true,"href":"https:\/\/linitiative.ca\/International\/wp-json\/wp\/v2\/users\/1740"}],"replies":[{"embeddable":true,"href":"https:\/\/linitiative.ca\/International\/wp-json\/wp\/v2\/comments?post=78599"}],"version-history":[{"count":0,"href":"https:\/\/linitiative.ca\/International\/wp-json\/wp\/v2\/posts\/78599\/revisions"}],"wp:attachment":[{"href":"https:\/\/linitiative.ca\/International\/wp-json\/wp\/v2\/media?parent=78599"}],"wp:term":[{"taxonomy":"category","embeddable":true,"href":"https:\/\/linitiative.ca\/International\/wp-json\/wp\/v2\/categories?post=78599"},{"taxonomy":"post_tag","embeddable":true,"href":"https:\/\/linitiative.ca\/International\/wp-json\/wp\/v2\/tags?post=78599"}],"curies":[{"name":"wp","href":"https:\/\/api.w.org\/{rel}","templated":true}]}}