{"id":78602,"date":"2020-03-09T13:29:00","date_gmt":"2020-03-09T17:29:00","guid":{"rendered":"https:\/\/linitiative.ca\/International\/kamel-mansouri-installe-a-la-tete-du-fni\/"},"modified":"2020-03-09T13:29:00","modified_gmt":"2020-03-09T17:29:00","slug":"kamel-mansouri-installe-a-la-tete-du-fni","status":"publish","type":"post","link":"https:\/\/linitiative.ca\/International\/kamel-mansouri-installe-a-la-tete-du-fni\/","title":{"rendered":"Kamel Mansouri install\u00e9 \u00e0 la t\u00eate du FNI"},"content":{"rendered":"<p><br id=\"sep_para_1\" class=\"sep_para access\"\/><\/p>\n<div id=\"para_1\" class=\"para_35871374 resize\">\n<div class=\"texte access firstletter\">Kamel Mansouri a \u00e9t\u00e9 install\u00e9 dimanche en qualit\u00e9 de directeur g\u00e9n\u00e9ral du Fonds national d&rsquo;investissement (FNI), en remplacement de M. Haddad Ahc\u00e8ne, a indiqu\u00e9 un communiqu\u00e9 du minist\u00e8re des Finances.\u00a0 M. Mansouri occupait le poste de P-dg de la Soci\u00e9t\u00e9 financi\u00e8re d&rsquo;investissements, de participations et de placement (SOFINANCE), a pr\u00e9cis\u00e9 la m\u00eame source. La c\u00e9r\u00e9monie d&rsquo;installation s&rsquo;est d\u00e9roul\u00e9e au si\u00e8ge minist\u00e8re des Finances.<\/div>\n<\/div>\n<p>Auteur: R\u00e9flexion<br \/>\n<a href=\"https:\/\/www.reflexiondz.net\/Kamel-Mansouri-installe-a-la-tete-du-FNI_a61167.html\">Cliquez ici pour lire l&rsquo;article depuis sa source.<\/a><\/p>\n","protected":false},"excerpt":{"rendered":"<p>Kamel Mansouri a \u00e9t\u00e9 install\u00e9 dimanche en qualit\u00e9 de directeur g\u00e9n\u00e9ral du Fonds national d&rsquo;investissement (FNI), en remplacement de M. Haddad Ahc\u00e8ne, a indiqu\u00e9 un communiqu\u00e9 du minist\u00e8re des Finances.\u00a0 M. Mansouri occupait le poste de P-dg de la Soci\u00e9t\u00e9 financi\u00e8re d&rsquo;investissements, de participations et de placement (SOFINANCE), a pr\u00e9cis\u00e9 la m\u00eame source. La c\u00e9r\u00e9monie [&hellip;]<\/p>\n","protected":false},"author":1740,"featured_media":0,"comment_status":"closed","ping_status":"closed","sticky":false,"template":"","format":"standard","meta":{"fifu_image_url":"","fifu_image_alt":"","footnotes":""},"categories":[53,76],"tags":[],"class_list":["post-78602","post","type-post","status-publish","format-standard","hentry","category-algerie","category-regions"],"_links":{"self":[{"href":"https:\/\/linitiative.ca\/International\/wp-json\/wp\/v2\/posts\/78602","targetHints":{"allow":["GET"]}}],"collection":[{"href":"https:\/\/linitiative.ca\/International\/wp-json\/wp\/v2\/posts"}],"about":[{"href":"https:\/\/linitiative.ca\/International\/wp-json\/wp\/v2\/types\/post"}],"author":[{"embeddable":true,"href":"https:\/\/linitiative.ca\/International\/wp-json\/wp\/v2\/users\/1740"}],"replies":[{"embeddable":true,"href":"https:\/\/linitiative.ca\/International\/wp-json\/wp\/v2\/comments?post=78602"}],"version-history":[{"count":0,"href":"https:\/\/linitiative.ca\/International\/wp-json\/wp\/v2\/posts\/78602\/revisions"}],"wp:attachment":[{"href":"https:\/\/linitiative.ca\/International\/wp-json\/wp\/v2\/media?parent=78602"}],"wp:term":[{"taxonomy":"category","embeddable":true,"href":"https:\/\/linitiative.ca\/International\/wp-json\/wp\/v2\/categories?post=78602"},{"taxonomy":"post_tag","embeddable":true,"href":"https:\/\/linitiative.ca\/International\/wp-json\/wp\/v2\/tags?post=78602"}],"curies":[{"name":"wp","href":"https:\/\/api.w.org\/{rel}","templated":true}]}}