{"id":78603,"date":"2020-03-09T13:29:00","date_gmt":"2020-03-09T17:29:00","guid":{"rendered":"https:\/\/linitiative.ca\/International\/un-depute-lance-un-appel-a-tebboune-sur-les-harraga\/"},"modified":"2020-03-09T13:29:00","modified_gmt":"2020-03-09T17:29:00","slug":"un-depute-lance-un-appel-a-tebboune-sur-les-harraga","status":"publish","type":"post","link":"https:\/\/linitiative.ca\/International\/un-depute-lance-un-appel-a-tebboune-sur-les-harraga\/","title":{"rendered":"Un d\u00e9put\u00e9 lance un appel \u00e0 Tebboune  sur les \u2018\u2019Harraga\u2019\u2019"},"content":{"rendered":"<p><br id=\"sep_para_1\" class=\"sep_para access\"\/><\/p>\n<div id=\"para_1\" class=\"para_35871373 resize\">\n<div class=\"texte access firstletter\">Un d\u00e9put\u00e9 a tir\u00e9 la sonnette d\u2019alarme face \u00e0 la recrudescence du ph\u00e9nom\u00e8ne de l\u2019immigration illicite, commun\u00e9ment appel\u00e9e \u00ab Harga \u00bb , en appelant le chef de l\u2019Etat \u00e0 intervenir. Lors de son passage sur le plateau de la cha\u00eene arabophone El Bilad, le d\u00e9put\u00e9 Nazih Benramdane, ex-pr\u00e9sident du groupe parlementaire des ind\u00e9pendants, a interpell\u00e9 les hautes autorit\u00e9s de l\u2019Etat, pour une meilleure prise en charge de la question des \u2018\u2019harraga\u2019\u2019 alg\u00e9riens, dont l\u2019embarcation a fait naufrage au large de la Tunisie. \u00ab J\u2019adresse un message \u00e0 nos responsables, de l\u2019int\u00e9rieur comme \u00e0 ceux de l\u2019ext\u00e9rieur, lance le d\u00e9put\u00e9. J\u2019ai d\u00e9j\u00e0 \u00e9crit au ministre des affaires \u00e9trang\u00e8res au sujet des \u2018\u2019Harraga\u2019\u2019, 14 de Guelma, et 4 d\u2019Annaba, qui ont pris une embarcation \u00e0 destination de l\u2019Italie. Le sort a voulu qu\u2019ils n\u2019atteignent jamais l\u2019autre rive. On a retrouv\u00e9 les cadavres de trois d\u2019entre eux \u00e0 Banzart, alors que deux autres ont \u00e9t\u00e9 successivement rejet\u00e9s par la mer. Le dernier a \u00e9t\u00e9 localis\u00e9 \u00e0 Tabarka il y\u2019a deux jours. \u00bb,\u00a0 a-t-il claironn\u00e9 d\u2019embl\u00e9e.<\/div>\n<\/div>\n<p>Auteur: R\u00e9flexion<br \/>\n<a href=\"https:\/\/www.reflexiondz.net\/Un-depute-lance-un-appel-a-Tebboune-sur-les-Harraga_a61166.html\">Cliquez ici pour lire l&rsquo;article depuis sa source.<\/a><\/p>\n","protected":false},"excerpt":{"rendered":"<p>Un d\u00e9put\u00e9 a tir\u00e9 la sonnette d\u2019alarme face \u00e0 la recrudescence du ph\u00e9nom\u00e8ne de l\u2019immigration illicite, commun\u00e9ment appel\u00e9e \u00ab Harga \u00bb , en appelant le chef de l\u2019Etat \u00e0 intervenir. Lors de son passage sur le plateau de la cha\u00eene arabophone El Bilad, le d\u00e9put\u00e9 Nazih Benramdane, ex-pr\u00e9sident du groupe parlementaire des ind\u00e9pendants, a interpell\u00e9 [&hellip;]<\/p>\n","protected":false},"author":1740,"featured_media":0,"comment_status":"closed","ping_status":"closed","sticky":false,"template":"","format":"standard","meta":{"fifu_image_url":"","fifu_image_alt":"","footnotes":""},"categories":[53,76],"tags":[],"class_list":["post-78603","post","type-post","status-publish","format-standard","hentry","category-algerie","category-regions"],"_links":{"self":[{"href":"https:\/\/linitiative.ca\/International\/wp-json\/wp\/v2\/posts\/78603","targetHints":{"allow":["GET"]}}],"collection":[{"href":"https:\/\/linitiative.ca\/International\/wp-json\/wp\/v2\/posts"}],"about":[{"href":"https:\/\/linitiative.ca\/International\/wp-json\/wp\/v2\/types\/post"}],"author":[{"embeddable":true,"href":"https:\/\/linitiative.ca\/International\/wp-json\/wp\/v2\/users\/1740"}],"replies":[{"embeddable":true,"href":"https:\/\/linitiative.ca\/International\/wp-json\/wp\/v2\/comments?post=78603"}],"version-history":[{"count":0,"href":"https:\/\/linitiative.ca\/International\/wp-json\/wp\/v2\/posts\/78603\/revisions"}],"wp:attachment":[{"href":"https:\/\/linitiative.ca\/International\/wp-json\/wp\/v2\/media?parent=78603"}],"wp:term":[{"taxonomy":"category","embeddable":true,"href":"https:\/\/linitiative.ca\/International\/wp-json\/wp\/v2\/categories?post=78603"},{"taxonomy":"post_tag","embeddable":true,"href":"https:\/\/linitiative.ca\/International\/wp-json\/wp\/v2\/tags?post=78603"}],"curies":[{"name":"wp","href":"https:\/\/api.w.org\/{rel}","templated":true}]}}