{"id":78604,"date":"2020-03-09T08:50:00","date_gmt":"2020-03-09T12:50:00","guid":{"rendered":"https:\/\/linitiative.ca\/International\/fakhfakh-innove-en-plus-de-fathi-touzri-directeur-de-cabinet-il-nomme-hedi-damak-chef-de-cabinet\/"},"modified":"2020-03-09T08:50:00","modified_gmt":"2020-03-09T12:50:00","slug":"fakhfakh-innove-en-plus-de-fathi-touzri-directeur-de-cabinet-il-nomme-hedi-damak-chef-de-cabinet","status":"publish","type":"post","link":"https:\/\/linitiative.ca\/International\/fakhfakh-innove-en-plus-de-fathi-touzri-directeur-de-cabinet-il-nomme-hedi-damak-chef-de-cabinet\/","title":{"rendered":"Fakhfakh innove : en plus de Fathi Touzri, directeur de cabinet, il nomme H\u00e9di Damak, chef de cabinet"},"content":{"rendered":"<p>Ceux qui se demandaient o\u00f9 est pass\u00e9 H\u00e9di Damak, tr\u00e8s actif aux c\u00f4t\u00e9s d\u2019Ely\u00e8s Fakhfakh, lors de la composition de son gouvernement, en ont maintenant la r\u00e9ponse. Absent jusque-l\u00e0 officiellement de la cartographie de la nouvelle \u00e9quipe au pouvoir, sans pour autant s\u2019absenter de la Kasbah, il sera nomm\u00e9 chef de cabinet de Fakhfakh. Le chef du gouvernement aura ainsi deux hauts proches collaborateurs imm\u00e9diats : <a href=\"https:\/\/www.leaders.com.tn\/article\/29248-dr-fethi-touzri-prend-la-consigne-de-maher-sellami-a-la-tete-du-cabinet-d-elyes-fakhfakh\">Dr Fathi Touzri<\/a>, directeur de cabinet, et H\u00e9di Damak, chef de cabinet.<\/p>\n<p>Si elle est jusque-l\u00e0 in\u00e9dite en Tunisie, cette architecture est tr\u00e8s courante dans certains pays tels que la France. Le p\u00e9rim\u00e8tre de chacun est bien dessin\u00e9. La hi\u00e9rarchie aussi. C\u2019est ainsi qu\u2019en France, selon <a href=\"https:\/\/www.gouvernement.fr\/qu-est-ce-qu-un-gouvernement\" target=\"_blank\" rel=\"noopener noreferrer\">le site officiel du gouvernement<\/a>, \u00ab le directeur de cabinet compose le cabinet et organise le travail de ses membres. Il est habilit\u00e9 \u00e0 prendre certaines d\u00e9cisions au nom du Premier ministre, notamment en l&rsquo;absence de celui-ci. \u00bb<\/p>\n<p><span class=\"c2\"><strong>Mise \u00e0 jour \u00e0 18 heures.<\/strong><\/span> <em>V\u00e9rification faite, Ely\u00e8s Fakhfakh n\u2019a fait que prendre l\u2019exemple sur les deux anciens chefs de gouvernement, Hamadi Jebali et Ali Laarayedh, sous la direction desquels il avait servi, du temps de la Tro\u00efka, en tant que ministre du Tourisme (2011 -2013), puis ministre des Finances (2013). Tous deux avaient eu un chef de cabinet, N\u00e9jib Khalfaoui, et un directeur de cabinet, Mohamed Amri. Leurs attributions s\u2019apparentent quasi-totalement avec le d\u00e9coupage du syst\u00e8me fran\u00e7ais.<br \/><\/em><\/p>\n<p class=\"c3\"><img decoding=\"async\" src=\"\/uploads\/FCK_files\/Cabinet-du-premier-ministre.jpg\" alt=\"\" width=\"100%\" vspace=\"5\" hspace=\"5\" align=\"middle\"\/>%<\/p>\n<p>Quant au chef de cabinet, qui est plac\u00e9 administrativement et fonctionnellement sous l\u2019autorit\u00e9 du directeur de cabinet, il organise l&rsquo;agenda du Premier ministre et ses d\u00e9placements.<br \/>A chaque pays ses m\u0153urs gouvernementale, la Kasbah finira sans doute par inventer le sien sous Fakhfakh. L&rsquo;arbitrage sera instructif \u00e0 conna\u00eetre.<\/p>\n<p>H\u00e9di Damak, 63 ans, \u00e9narque, avait \u00e9t\u00e9 secr\u00e9taire g\u00e9n\u00e9ral du minist\u00e8re des Finances, durant cinq ans, de 2011 jusqu\u2019\u00e0 son d\u00e9part \u00e0 la retraite en 2017. Avec comp\u00e9tence et abn\u00e9gation, il avait servi alors sous huit ministres successifs, Hassine Dimassi, Slim Besbes, Jaloul Ayed, Ely\u00e8s Fakhfakh, Hakim Ben Ben Hammouda, Slim Chaker, Lamia Zribi et Fadhel Abdelk\u00e9fi, ayant quitt\u00e9 avant l&rsquo;arriv\u00e9e de Ridha Chalghoum.<\/p>\n<p>Ely\u00e8s Fakhfakh l\u2019avait connu lors de son passage aux Finances (2013), appr\u00e9ciant sa droiture. B\u00e9n\u00e9ficiant de sa confiance, le voil\u00e0 nomm\u00e9 \u00e0 un poste n\u00e9vralgique dans le nouvel \u00e9chiquier gouvernemental.<\/p>\n<p><a href=\"https:\/\/www.leaders.com.tn\/article\/7697-hedi-damak\">Lire la biographie compl\u00e8te de H\u00e9di Damak<br \/><\/a><\/p>\n<p><strong>Lire aussi<\/strong><br \/><a href=\"https:\/\/www.leaders.com.tn\/article\/29317-khelil-chtourou-nouveau-secretaire-general-du-gouvernement-a-la-place-d-abdellatif-hmam\" target=\"_blank\" rel=\"noopener noreferrer\">Khelil Chtourou, nouveau secr\u00e9taire g\u00e9n\u00e9ral du gouvernement, \u00e0 la place d\u2019Abdellatif Hmam<\/a><\/p>\n<p>Auteur:<br \/>\n<a href=\"https:\/\/www.leaders.com.tn\/article\/29316-fakhfakh-innove-en-plus-de-fathi-touzri-directeur-de-cabinet-il-nomme-hedi-damak-chef-de-cabinet\">Cliquez ici pour lire l&rsquo;article depuis sa source.<\/a><\/p>\n","protected":false},"excerpt":{"rendered":"<p>Ceux qui se demandaient o\u00f9 est pass\u00e9 H\u00e9di Damak, tr\u00e8s actif aux c\u00f4t\u00e9s d\u2019Ely\u00e8s Fakhfakh, lors de la composition de son gouvernement, en ont maintenant la r\u00e9ponse. Absent jusque-l\u00e0 officiellement de la cartographie de la nouvelle \u00e9quipe au pouvoir, sans pour autant s\u2019absenter de la Kasbah, il sera nomm\u00e9 chef de cabinet de Fakhfakh. Le [&hellip;]<\/p>\n","protected":false},"author":1772,"featured_media":78605,"comment_status":"closed","ping_status":"closed","sticky":false,"template":"","format":"standard","meta":{"fifu_image_url":"","fifu_image_alt":"","footnotes":""},"categories":[73,55],"tags":[],"class_list":["post-78604","post","type-post","status-publish","format-standard","has-post-thumbnail","hentry","category-actualite","category-tunisie"],"_links":{"self":[{"href":"https:\/\/linitiative.ca\/International\/wp-json\/wp\/v2\/posts\/78604","targetHints":{"allow":["GET"]}}],"collection":[{"href":"https:\/\/linitiative.ca\/International\/wp-json\/wp\/v2\/posts"}],"about":[{"href":"https:\/\/linitiative.ca\/International\/wp-json\/wp\/v2\/types\/post"}],"author":[{"embeddable":true,"href":"https:\/\/linitiative.ca\/International\/wp-json\/wp\/v2\/users\/1772"}],"replies":[{"embeddable":true,"href":"https:\/\/linitiative.ca\/International\/wp-json\/wp\/v2\/comments?post=78604"}],"version-history":[{"count":0,"href":"https:\/\/linitiative.ca\/International\/wp-json\/wp\/v2\/posts\/78604\/revisions"}],"wp:featuredmedia":[{"embeddable":true,"href":"https:\/\/linitiative.ca\/International\/wp-json\/"}],"wp:attachment":[{"href":"https:\/\/linitiative.ca\/International\/wp-json\/wp\/v2\/media?parent=78604"}],"wp:term":[{"taxonomy":"category","embeddable":true,"href":"https:\/\/linitiative.ca\/International\/wp-json\/wp\/v2\/categories?post=78604"},{"taxonomy":"post_tag","embeddable":true,"href":"https:\/\/linitiative.ca\/International\/wp-json\/wp\/v2\/tags?post=78604"}],"curies":[{"name":"wp","href":"https:\/\/api.w.org\/{rel}","templated":true}]}}