{"id":78606,"date":"2020-03-09T09:10:00","date_gmt":"2020-03-09T13:10:00","guid":{"rendered":"https:\/\/linitiative.ca\/International\/mohamed-salah-ben-aissa-nomme-directeur-du-bureau-de-la-ligue-arabe-de-tunis\/"},"modified":"2020-03-09T09:10:00","modified_gmt":"2020-03-09T13:10:00","slug":"mohamed-salah-ben-aissa-nomme-directeur-du-bureau-de-la-ligue-arabe-de-tunis","status":"publish","type":"post","link":"https:\/\/linitiative.ca\/International\/mohamed-salah-ben-aissa-nomme-directeur-du-bureau-de-la-ligue-arabe-de-tunis\/","title":{"rendered":"Mohamed Salah Ben Aissa nomm\u00e9 Directeur du Bureau de la Ligue arabe de Tunis"},"content":{"rendered":"<p>Le conseil de La Ligue des Etats arabes\u00a0 a approuv\u00e9 la nomination du candidat tunisien, le Pr Mohamed Salah Ben A\u00efssa au poste de Secr\u00e9taire g\u00e9n\u00e9ral-adjoint, directeur du bureau de la ligue \u00e0 Tunis. Il succ\u00e8de \u00e0 Abdellatif Abid.<\/p>\n<p>Mohamed Salah Ben Aissa est professeur agr\u00e9g\u00e9 de droit. Il a \u00e9t\u00e9 ministre de la justice en 2015 et secr\u00e9taire g\u00e9n\u00e9ral du gouvernement en 2011. Il a \u00e9galement occup\u00e9 le poste de doyen de la Facult\u00e9 des ses sciences juridiques et sociales.<br \/>\u00a0<\/p>\n<p>Auteur:<br \/>\n<a href=\"https:\/\/www.leaders.com.tn\/article\/29318-mohamed-salah-ben-aissa-nomme-drecteur-du-bureau-de-la-ligue-arabe-de-tunis\">Cliquez ici pour lire l&rsquo;article depuis sa source.<\/a><\/p>\n","protected":false},"excerpt":{"rendered":"<p>Le conseil de La Ligue des Etats arabes\u00a0 a approuv\u00e9 la nomination du candidat tunisien, le Pr Mohamed Salah Ben A\u00efssa au poste de Secr\u00e9taire g\u00e9n\u00e9ral-adjoint, directeur du bureau de la ligue \u00e0 Tunis. Il succ\u00e8de \u00e0 Abdellatif Abid. Mohamed Salah Ben Aissa est professeur agr\u00e9g\u00e9 de droit. Il a \u00e9t\u00e9 ministre de la justice [&hellip;]<\/p>\n","protected":false},"author":1772,"featured_media":0,"comment_status":"closed","ping_status":"closed","sticky":false,"template":"","format":"standard","meta":{"fifu_image_url":"","fifu_image_alt":"","footnotes":""},"categories":[73,55],"tags":[],"class_list":["post-78606","post","type-post","status-publish","format-standard","hentry","category-actualite","category-tunisie"],"_links":{"self":[{"href":"https:\/\/linitiative.ca\/International\/wp-json\/wp\/v2\/posts\/78606","targetHints":{"allow":["GET"]}}],"collection":[{"href":"https:\/\/linitiative.ca\/International\/wp-json\/wp\/v2\/posts"}],"about":[{"href":"https:\/\/linitiative.ca\/International\/wp-json\/wp\/v2\/types\/post"}],"author":[{"embeddable":true,"href":"https:\/\/linitiative.ca\/International\/wp-json\/wp\/v2\/users\/1772"}],"replies":[{"embeddable":true,"href":"https:\/\/linitiative.ca\/International\/wp-json\/wp\/v2\/comments?post=78606"}],"version-history":[{"count":0,"href":"https:\/\/linitiative.ca\/International\/wp-json\/wp\/v2\/posts\/78606\/revisions"}],"wp:attachment":[{"href":"https:\/\/linitiative.ca\/International\/wp-json\/wp\/v2\/media?parent=78606"}],"wp:term":[{"taxonomy":"category","embeddable":true,"href":"https:\/\/linitiative.ca\/International\/wp-json\/wp\/v2\/categories?post=78606"},{"taxonomy":"post_tag","embeddable":true,"href":"https:\/\/linitiative.ca\/International\/wp-json\/wp\/v2\/tags?post=78606"}],"curies":[{"name":"wp","href":"https:\/\/api.w.org\/{rel}","templated":true}]}}