{"id":78609,"date":"2020-03-09T12:27:00","date_gmt":"2020-03-09T16:27:00","guid":{"rendered":"https:\/\/linitiative.ca\/International\/au-nom-du-principe-de-precaution-report-de-la-foire-du-livre-de-tunis-et-annulation-de-vols-vers-litalie-et-des-traversees-de-et-vers-les-ports-italiens\/"},"modified":"2020-03-09T12:27:00","modified_gmt":"2020-03-09T16:27:00","slug":"au-nom-du-principe-de-precaution-report-de-la-foire-du-livre-de-tunis-et-annulation-de-vols-vers-litalie-et-des-traversees-de-et-vers-les-ports-italiens","status":"publish","type":"post","link":"https:\/\/linitiative.ca\/International\/au-nom-du-principe-de-precaution-report-de-la-foire-du-livre-de-tunis-et-annulation-de-vols-vers-litalie-et-des-traversees-de-et-vers-les-ports-italiens\/","title":{"rendered":"Au nom du principe de pr\u00e9caution : report de la Foire du livre de Tunis et annulation de vols vers l&rsquo;Italie et des travers\u00e9es de et vers les ports italiens"},"content":{"rendered":"<p class=\"MsoNormal\">Au nom du principe de pr\u00e9caution contre l&rsquo;\u00e9pid\u00e9mie de coronavirus\u00a0 La Foire Internationale du Livre pr\u00e9vue initialement du 9 au 19 avril prochain a \u00e9t\u00e9 report\u00e9e au mois de novembre.<\/p>\n<p class=\"MsoNormal\">Dans le m\u00eame ordre d&rsquo;id\u00e9es, il a \u00e9t\u00e9 d\u00e9cid\u00e9 d&rsquo;annuler tous les vols des compagnies tunisiennes \u00e0 destination des villes italiennes \u00e0 l\u2019exception de la ligne Tunis-Rome qui sera assur\u00e9e une seule fois par semaine<\/p>\n<p class=\"MsoNormal\">Il faut noter qu&rsquo;en temps normal, Tunisair dessert quotidiennement <span class=\"c2\">\u00a0<\/span>les villes de Milan, Venise et Rome.<\/p>\n<p class=\"MsoNormal\">De m\u00eame, les Travers\u00e9es de la CTN de et vers les ports italiens ont \u00e9t\u00e9 annul\u00e9es.<\/p>\n<p class=\"MsoNormal\"><strong>Lire aussi<\/strong><\/p>\n<p class=\"MsoNormal\"><a href=\"https:\/\/www.leaders.com.tn\/article\/29311-coronavirus-en-italie-un-jour-pas-comme-les-autres-et-la-tunisie\" target=\"_blank\" rel=\"noopener noreferrer\">Dr Mohamed Adel Chehida: Coronavirus en Italie, un jour pas comme les autres. Et la Tunisie?<\/a><\/p>\n<p>Auteur:<br \/>\n<a href=\"https:\/\/www.leaders.com.tn\/article\/29321-au-nom-du-principe-de-precaution-report-de-la-foire-du-livre-de-tunis-et-annulation-de-vols-vers-l-italie-et-des-traversees-de-et-vers-les-ports-italiens\">Cliquez ici pour lire l&rsquo;article depuis sa source.<\/a><\/p>\n","protected":false},"excerpt":{"rendered":"<p>Au nom du principe de pr\u00e9caution contre l&rsquo;\u00e9pid\u00e9mie de coronavirus\u00a0 La Foire Internationale du Livre pr\u00e9vue initialement du 9 au 19 avril prochain a \u00e9t\u00e9 report\u00e9e au mois de novembre. Dans le m\u00eame ordre d&rsquo;id\u00e9es, il a \u00e9t\u00e9 d\u00e9cid\u00e9 d&rsquo;annuler tous les vols des compagnies tunisiennes \u00e0 destination des villes italiennes \u00e0 l\u2019exception de la [&hellip;]<\/p>\n","protected":false},"author":1772,"featured_media":0,"comment_status":"closed","ping_status":"closed","sticky":false,"template":"","format":"standard","meta":{"fifu_image_url":"","fifu_image_alt":"","footnotes":""},"categories":[73,55],"tags":[],"class_list":["post-78609","post","type-post","status-publish","format-standard","hentry","category-actualite","category-tunisie"],"_links":{"self":[{"href":"https:\/\/linitiative.ca\/International\/wp-json\/wp\/v2\/posts\/78609","targetHints":{"allow":["GET"]}}],"collection":[{"href":"https:\/\/linitiative.ca\/International\/wp-json\/wp\/v2\/posts"}],"about":[{"href":"https:\/\/linitiative.ca\/International\/wp-json\/wp\/v2\/types\/post"}],"author":[{"embeddable":true,"href":"https:\/\/linitiative.ca\/International\/wp-json\/wp\/v2\/users\/1772"}],"replies":[{"embeddable":true,"href":"https:\/\/linitiative.ca\/International\/wp-json\/wp\/v2\/comments?post=78609"}],"version-history":[{"count":0,"href":"https:\/\/linitiative.ca\/International\/wp-json\/wp\/v2\/posts\/78609\/revisions"}],"wp:attachment":[{"href":"https:\/\/linitiative.ca\/International\/wp-json\/wp\/v2\/media?parent=78609"}],"wp:term":[{"taxonomy":"category","embeddable":true,"href":"https:\/\/linitiative.ca\/International\/wp-json\/wp\/v2\/categories?post=78609"},{"taxonomy":"post_tag","embeddable":true,"href":"https:\/\/linitiative.ca\/International\/wp-json\/wp\/v2\/tags?post=78609"}],"curies":[{"name":"wp","href":"https:\/\/api.w.org\/{rel}","templated":true}]}}