{"id":78610,"date":"2020-03-09T15:32:00","date_gmt":"2020-03-09T19:32:00","guid":{"rendered":"https:\/\/linitiative.ca\/International\/abderrahman-fendri-mes-suggestions-au-gouvernement-pour-remedier-aux-difficultes-politiques-economiques-et-sociales-du-pays\/"},"modified":"2020-03-09T15:32:00","modified_gmt":"2020-03-09T19:32:00","slug":"abderrahman-fendri-mes-suggestions-au-gouvernement-pour-remedier-aux-difficultes-politiques-economiques-et-sociales-du-pays","status":"publish","type":"post","link":"https:\/\/linitiative.ca\/International\/abderrahman-fendri-mes-suggestions-au-gouvernement-pour-remedier-aux-difficultes-politiques-economiques-et-sociales-du-pays\/","title":{"rendered":"Abderrahman Fendri : mes suggestions au gouvernement pour rem\u00e9dier aux difficult\u00e9s  politiques, \u00e9conomiques et sociales du pays"},"content":{"rendered":"<p>Au moment o\u00f9 la nouvelle \u00e9quipe gouvernementale pr\u00e9sid\u00e9e par Ely\u00e8s Fakhfakh s\u2019appr\u00eate \u00e0 prendre \u00e0 bras-le corps les probl\u00e8mes du pays , un citoyen tunisien, Si Abderrahman Fendri, expert-comptable de son \u00e9tat, dans l\u2019espoir de contribuer \u00e0 l\u2019\u0153uvre de redressement qui attend ce gouvernement,\u00a0 nous a fait parvenir ce texte qui \u00abs\u2019articule autour de trois axes de r\u00e9flexion traduisant (son)\u00a0 humble perception de la situation politique, \u00e9conomique et sociale qui pr\u00e9vaut en Tunisie, ainsi que quelques suggestions de mesures, jug\u00e9es r\u00e9alisables et prioritaires, et enfin, une proposition d\u2019une d\u00e9marche de r\u00e9formes \u00e0 4 approches concomitantes\u00bb.<\/p>\n<p>Malgr\u00e9 sa longueur, le texte vaut d&rsquo;\u00eatre lu attentivement, notamment, par les int\u00e9ress\u00e9s. Ils seraient bien inspir\u00e9s d&rsquo;en faire leur profit.<\/p>\n<p><a href=\"\/uploads\/FCK_files\/Ma%20Contribution.pdf\" target=\"_blank\" rel=\"noopener noreferrer\">T\u00e9l\u00e9charger document integral<\/a><\/p>\n<p>Auteur:<br \/>\n<a href=\"https:\/\/www.leaders.com.tn\/article\/29322-abderrahman-fendri-mes-suggestions-au-gouvernement-pour-remedier-aux-difficultes-politiques-economiques-et-sociales-du-pays\">Cliquez ici pour lire l&rsquo;article depuis sa source.<\/a><\/p>\n","protected":false},"excerpt":{"rendered":"<p>Au moment o\u00f9 la nouvelle \u00e9quipe gouvernementale pr\u00e9sid\u00e9e par Ely\u00e8s Fakhfakh s\u2019appr\u00eate \u00e0 prendre \u00e0 bras-le corps les probl\u00e8mes du pays , un citoyen tunisien, Si Abderrahman Fendri, expert-comptable de son \u00e9tat, dans l\u2019espoir de contribuer \u00e0 l\u2019\u0153uvre de redressement qui attend ce gouvernement,\u00a0 nous a fait parvenir ce texte qui \u00abs\u2019articule autour de trois [&hellip;]<\/p>\n","protected":false},"author":1772,"featured_media":0,"comment_status":"closed","ping_status":"closed","sticky":false,"template":"","format":"standard","meta":{"fifu_image_url":"","fifu_image_alt":"","footnotes":""},"categories":[73,55],"tags":[],"class_list":["post-78610","post","type-post","status-publish","format-standard","hentry","category-actualite","category-tunisie"],"_links":{"self":[{"href":"https:\/\/linitiative.ca\/International\/wp-json\/wp\/v2\/posts\/78610","targetHints":{"allow":["GET"]}}],"collection":[{"href":"https:\/\/linitiative.ca\/International\/wp-json\/wp\/v2\/posts"}],"about":[{"href":"https:\/\/linitiative.ca\/International\/wp-json\/wp\/v2\/types\/post"}],"author":[{"embeddable":true,"href":"https:\/\/linitiative.ca\/International\/wp-json\/wp\/v2\/users\/1772"}],"replies":[{"embeddable":true,"href":"https:\/\/linitiative.ca\/International\/wp-json\/wp\/v2\/comments?post=78610"}],"version-history":[{"count":0,"href":"https:\/\/linitiative.ca\/International\/wp-json\/wp\/v2\/posts\/78610\/revisions"}],"wp:attachment":[{"href":"https:\/\/linitiative.ca\/International\/wp-json\/wp\/v2\/media?parent=78610"}],"wp:term":[{"taxonomy":"category","embeddable":true,"href":"https:\/\/linitiative.ca\/International\/wp-json\/wp\/v2\/categories?post=78610"},{"taxonomy":"post_tag","embeddable":true,"href":"https:\/\/linitiative.ca\/International\/wp-json\/wp\/v2\/tags?post=78610"}],"curies":[{"name":"wp","href":"https:\/\/api.w.org\/{rel}","templated":true}]}}