{"id":78611,"date":"2020-03-09T13:28:38","date_gmt":"2020-03-09T17:28:38","guid":{"rendered":"https:\/\/linitiative.ca\/International\/al-hoceima-le-cndh-devoile-son-rapport-sur-le-hirak\/"},"modified":"2020-03-09T13:28:38","modified_gmt":"2020-03-09T17:28:38","slug":"al-hoceima-le-cndh-devoile-son-rapport-sur-le-hirak","status":"publish","type":"post","link":"https:\/\/linitiative.ca\/International\/al-hoceima-le-cndh-devoile-son-rapport-sur-le-hirak\/","title":{"rendered":"Al Hoceima : le CNDH d\u00e9voile son rapport sur le Hirak"},"content":{"rendered":"<p><strong>La pr\u00e9sidente du Conseil national des droits de l\u2019Homme (CNDH), Amina Bouayach a d\u00e9voil\u00e9, dimanche soir \u00e0 Rabat, les grandes lignes du rapport sur les manifestations d\u2019Al Hoceima tel qu\u2019approuv\u00e9 par l\u2019assembl\u00e9e g\u00e9n\u00e9rale du Conseil.<br \/><\/strong><br \/>Le document de 400 pages, \u00e9labor\u00e9 dans la p\u00e9riode entre novembre 2019 et mars 2020, offre une lecture sur les \u00e9v\u00e9nements d\u2019<strong>Al Hoceima<\/strong> sur une dur\u00e9e de 12 mois, selon une approche fond\u00e9e sur les droits humains, a soulign\u00e9 Amina Bouayach.<\/p>\n<div class=\"c10\"\/>\n<p>Le rapport se penche sur les pratiques et faits consid\u00e9r\u00e9s comme \u00e9tant aux antipodes des principes de d\u00e9mocratie et des droits de l\u2019Homme, lesquels se trouvent ainsi recens\u00e9s par le conseil. Les manifestations d\u2019Al Hoceima, a-t-elle dit, sont intervenues dans un contexte particulier en tant qu\u2019\u00e9v\u00e9nement exceptionnel dans la vie politique du point de vue tant de leur dur\u00e9e que de leurs ampleur et incidences.<\/p>\n<p>Le Conseil aborde ainsi dans son rapport les all\u00e9gations de torture et de mauvais traitement en lien avec ces \u00e9v\u00e9nements, tout en veillant \u00e0 mettre en lumi\u00e8re une s\u00e9rie d\u2019informations \u00e0 ce sujet. En outre, le rapport traite d\u2019un certain nombre de questions qui n\u2019ont pas \u00e9t\u00e9 soulev\u00e9es par le pass\u00e9, permettant d\u2019analyser des informations erron\u00e9es et trompeuses, de m\u00eame qu\u2019il aborde les discours anim\u00e9s de haine et de violence qui ont \u00e9t\u00e9 v\u00e9hicul\u00e9s lors des manifestations, a poursuivi Amina Bouayach.<\/p>\n<p>La pr\u00e9sidente du <strong>CNDH<\/strong> a affirm\u00e9 que l\u2019interaction de son institution avec les familles et proches des d\u00e9tenus lui a permis de cerner au mieux le dossier des \u00e9v\u00e9nements et leur d\u00e9roulement, ainsi que les d\u00e9tentions survenues sur fond des \u00e9v\u00e9nements. Le conseil n\u2019a pas manqu\u00e9 d\u2019apporter son soutien aux familles des d\u00e9tenus de fa\u00e7on continue, selon les besoins de chaque cas.<\/p>\n<p>Amina Bouayach a relev\u00e9 que les t\u00e9moignages des \u00e9l\u00e9ments des forces de l\u2019ordre qui ont \u00e9t\u00e9 bless\u00e9s ou ceux qui souffrent encore de ces blessures ont permis de jeter la lumi\u00e8re sur un angle pas encore connu ou ignor\u00e9 par les citoyens, justifiant le lancement de cette initiative par la n\u00e9cessit\u00e9 de mener une \u00e9valuation de la r\u00e9alit\u00e9, des all\u00e9gations et des accusations dans le cadre d\u2019une approche objective.<\/p>\n<p>L\u2019objectif est de jeter la lumi\u00e8re d\u2019une mani\u00e8re fid\u00e8le sur les caract\u00e9ristiques ayant fait des protestations d\u2019Al Hoceima un \u00e9v\u00e9nement sans pr\u00e9c\u00e9dent dans le contexte des droits de l\u2019Homme au <strong>Maroc<\/strong>.<\/p>\n<p><strong>10.000 fake news<br \/><\/strong><br \/>La pr\u00e9sidente du CNDH a fait savoir qu\u2019au cours de l\u2019\u00e9laboration du rapport toutes les parties ont \u00e9t\u00e9 entendues, dont les familles, les d\u00e9tenus et les forces de l\u2019ordre et les autorit\u00e9s, tout en se basant sur ce qui a \u00e9t\u00e9 v\u00e9hicul\u00e9 lors du proc\u00e8s et les enregistrements effectu\u00e9s lors des manifestations.<\/p>\n<p>Le <strong>rapport<\/strong> \u00e9voque le caract\u00e8re pacifique des manifestations avant de devenir violentes, faisant \u00e9tat des d\u00e9passements causant notamment une invalidit\u00e9 pour un \u00e9l\u00e9ment des forces de l\u2019ordre touch\u00e9 par une pierre au niveau de la t\u00eate, ainsi l\u2019incendie de la r\u00e9sidence des forces de l\u2019ordre \u00e0 Imzouren.<\/p>\n<p>Pour sa part, le secr\u00e9taire g\u00e9n\u00e9ral du conseil, Mounir Bensalah a indiqu\u00e9 que les r\u00e9seaux sociaux ont jou\u00e9 un r\u00f4le dans ces manifestations, rappelant que le CNDH a comptabilis\u00e9 302.000 posts publi\u00e9s sur ces \u00e9v\u00e9nements, dont 10.000 des fake news.<\/p>\n<p>Le rapport contenant 63 conclusions et 32 recommandations se d\u00e9cline en chapitres se rapportant \u00e0 \u00ab\u00a0la chronologie des manifestations du Rif 28 octobre 2016-octobre 2017\u00a0\u00bb, \u00ab\u00a0l\u2019atteinte de la libert\u00e9 de culte\u00a0\u00bb, \u00ab\u00a0les revendications d\u2019Al Hoceima, faits et suivi\u00a0\u00bb, \u00ab\u00a0les all\u00e9gations de torture et cas de violence\u00a0\u00bb, \u00ab\u00a0l\u2019analyse des posts des r\u00e9seaux sociaux\u00a0\u00bb et \u00ab\u00a0l\u2019interaction du conseil avec les d\u00e9tenus et leurs familles\u00a0\u00bb.<\/p>\n<div class=\"c17\">\n<fieldset class=\"c16\">\n<legend><strong><span class=\"c11\">Challenge<\/span><span class=\"c12\">news<\/span><\/strong><\/legend>\n<div class=\"c15\">Le meilleur de Challenge s\u00e9lectionn\u00e9 par la r\u00e9daction :<\/p>\n<\/div>\n<\/fieldset>\n<\/div>\n<p>Auteur: challenge<br \/>\n<a href=\"https:\/\/www.challenge.ma\/al-hoceima-le-cndh-devoile-son-rapport-sur-le-hirak-131754\/\">Cliquez ici pour lire l&rsquo;article depuis sa source.<\/a><\/p>\n","protected":false},"excerpt":{"rendered":"<p>La pr\u00e9sidente du Conseil national des droits de l\u2019Homme (CNDH), Amina Bouayach a d\u00e9voil\u00e9, dimanche soir \u00e0 Rabat, les grandes lignes du rapport sur les manifestations d\u2019Al Hoceima tel qu\u2019approuv\u00e9 par l\u2019assembl\u00e9e g\u00e9n\u00e9rale du Conseil.Le document de 400 pages, \u00e9labor\u00e9 dans la p\u00e9riode entre novembre 2019 et mars 2020, offre une lecture sur les \u00e9v\u00e9nements [&hellip;]<\/p>\n","protected":false},"author":1787,"featured_media":0,"comment_status":"closed","ping_status":"closed","sticky":false,"template":"","format":"standard","meta":{"fifu_image_url":"","fifu_image_alt":"","footnotes":""},"categories":[78,54],"tags":[],"class_list":["post-78611","post","type-post","status-publish","format-standard","hentry","category-economie","category-maroc"],"_links":{"self":[{"href":"https:\/\/linitiative.ca\/International\/wp-json\/wp\/v2\/posts\/78611","targetHints":{"allow":["GET"]}}],"collection":[{"href":"https:\/\/linitiative.ca\/International\/wp-json\/wp\/v2\/posts"}],"about":[{"href":"https:\/\/linitiative.ca\/International\/wp-json\/wp\/v2\/types\/post"}],"author":[{"embeddable":true,"href":"https:\/\/linitiative.ca\/International\/wp-json\/wp\/v2\/users\/1787"}],"replies":[{"embeddable":true,"href":"https:\/\/linitiative.ca\/International\/wp-json\/wp\/v2\/comments?post=78611"}],"version-history":[{"count":0,"href":"https:\/\/linitiative.ca\/International\/wp-json\/wp\/v2\/posts\/78611\/revisions"}],"wp:attachment":[{"href":"https:\/\/linitiative.ca\/International\/wp-json\/wp\/v2\/media?parent=78611"}],"wp:term":[{"taxonomy":"category","embeddable":true,"href":"https:\/\/linitiative.ca\/International\/wp-json\/wp\/v2\/categories?post=78611"},{"taxonomy":"post_tag","embeddable":true,"href":"https:\/\/linitiative.ca\/International\/wp-json\/wp\/v2\/tags?post=78611"}],"curies":[{"name":"wp","href":"https:\/\/api.w.org\/{rel}","templated":true}]}}