{"id":78619,"date":"2020-03-09T16:54:16","date_gmt":"2020-03-09T20:54:16","guid":{"rendered":"https:\/\/linitiative.ca\/International\/france-le-coronavirus-touche-le-gouvernement\/"},"modified":"2020-03-09T16:54:16","modified_gmt":"2020-03-09T20:54:16","slug":"france-le-coronavirus-touche-le-gouvernement","status":"publish","type":"post","link":"https:\/\/linitiative.ca\/International\/france-le-coronavirus-touche-le-gouvernement\/","title":{"rendered":"France : Le coronavirus touche le gouvernement"},"content":{"rendered":"<div class=\"post-cont-in left relative\">\n<p>Le\u00a0<a href=\"https:\/\/www.tunisienumerique.com\/tunisie-actualite\/coronavirus\/\" title=\"coronavirus\" target=\"_top\" class=\"auto-link\" rel=\"noopener noreferrer\">coronavirus<\/a>\u00a0a caus\u00e9 quatre d\u00e9c\u00e8s suppl\u00e9mentaires en France lundi, portant le bilan total \u00e0 25\u00a0morts et 1\u00a0412\u00a0cas confirm\u00e9s, a annonc\u00e9 lundi soir le directeur g\u00e9n\u00e9ral de la Sant\u00e9 J\u00e9r\u00f4me Salomon. Parmi eux, figure Franck Riester, le ministre de la Culture, test\u00e9 positif, selon son cabinet.<\/p>\n<div class=\"code-block code-block-1 c3\"><ins class=\"adsbygoogle c2\" data-ad-layout=\"in-article\" data-ad-format=\"fluid\" data-ad-client=\"ca-pub-2102118777505746\" data-ad-slot=\"7301775417\"\/> <\/div>\n<p>Au sein du gouvernement, Franck Riester est le premier \u00e0 avoir \u00e9t\u00e9 contamin\u00e9. Son cabinet souligne qu\u2019il \u00e9tait \u201cen forme\u201d et \u00e0 son domicile parisien.<\/p>\n<p>\u201cLe ministre a \u00e9t\u00e9 test\u00e9 positivement aujourd\u2019hui\u201d apr\u00e8s avoir manifest\u00e9 des \u201csympt\u00f4mes\u201d, a pr\u00e9cis\u00e9 le cabinet, notant que Franck Riester avait pass\u00e9 plusieurs jours la semaine derni\u00e8re \u00e0 l\u2019Assembl\u00e9e nationale o\u00f9 plusieurs cas ont \u00e9t\u00e9 confirm\u00e9s.<\/p>\n<p>Depuis le d\u00e9but de l\u2019\u00e9pid\u00e9mie en France, cinq d\u00e9put\u00e9s et deux membres du personnel de l\u2019Assembl\u00e9e nationale ont \u00e9t\u00e9 contamin\u00e9s par le coronavirus, dont deux \u00e9lues.<\/p>\n<p>Pour rappel, le bilan en France est d\u00e9sormais de 25 morts et 1 412 cas confirm\u00e9s, affirme J\u00e9r\u00f4me Salomon, le directeur g\u00e9n\u00e9ral de la Sant\u00e9.<\/p>\n<div class=\"swp_social_panel swp_horizontal_panel swp_flat_fresh swp_default_full_color swp_individual_full_color swp_other_full_color scale-100 scale-\" data-min-width=\"1100\" data-float-color=\"#ffffff\" data-float=\"bottom\" data-float-mobile=\"bottom\" data-transition=\"slide\">\n<div class=\"nc_tweetContainer swp_share_button total_shares total_sharesalt\"><span class=\"swp_count\">0 <span class=\"swp_label\">Partages<\/span><\/span><\/div>\n<\/div>\n<p><strong>Que se passe-t-il en Tunisie?<\/strong><br \/>Nous expliquons sur notre <a href=\"https:\/\/www.youtube.com\/channel\/UCRzypVq0B_yBad5eGrwBx0Q?sub_confirmation=1\" target=\"_blank\" rel=\"noopener noreferrer\">cha\u00eene YouTube<\/a> . <a href=\"https:\/\/www.youtube.com\/channel\/UCRzypVq0B_yBad5eGrwBx0Q?sub_confirmation=1\" target=\"_blank\" rel=\"noopener noreferrer\">Abonnez-vous!<\/a><\/p>\n<div class=\"mvp-org-wrap mvp-org-logo\" itemprop=\"publisher\" itemscope=\"\" itemtype=\"https:\/\/schema.org\/Organization\"><img decoding=\"async\" src=\"https:\/\/www.tunisienumerique.com\/wp-content\/uploads\/2017\/02\/logo_tunisie_numerique.png\"\/><\/div>\n<div class=\"mvp-related-posts left relative\">\n<h4 class=\"post-header\"><span class=\"post-header\">Lire aussi<\/span><\/h4>\n<\/div>\n<div id=\"article-ad\"><ins class=\"adsbygoogle c4\" data-ad-client=\"ca-pub-2102118777505746\" data-ad-slot=\"6513972734\" data-ad-format=\"auto\" data-full-width-responsive=\"true\"\/> <\/div>\n<\/div>\n<div id=\"post-sidebar-wrap\"><ins class=\"adsbygoogle c4\" data-ad-client=\"ca-pub-2102118777505746\" data-ad-slot=\"6168283410\" data-ad-format=\"auto\" data-full-width-responsive=\"true\"\/> <\/div>\n<p>Auteur: LM<br \/>\n<a href=\"https:\/\/www.tunisienumerique.com\/france-le-coronavirus-touche-le-gouvernement\/\">Cliquez ici pour lire l&rsquo;article depuis sa source.<\/a><\/p>\n","protected":false},"excerpt":{"rendered":"<p>Le\u00a0coronavirus\u00a0a caus\u00e9 quatre d\u00e9c\u00e8s suppl\u00e9mentaires en France lundi, portant le bilan total \u00e0 25\u00a0morts et 1\u00a0412\u00a0cas confirm\u00e9s, a annonc\u00e9 lundi soir le directeur g\u00e9n\u00e9ral de la Sant\u00e9 J\u00e9r\u00f4me Salomon. Parmi eux, figure Franck Riester, le ministre de la Culture, test\u00e9 positif, selon son cabinet. Au sein du gouvernement, Franck Riester est le premier \u00e0 avoir [&hellip;]<\/p>\n","protected":false},"author":1789,"featured_media":78620,"comment_status":"closed","ping_status":"closed","sticky":false,"template":"","format":"standard","meta":{"fifu_image_url":"","fifu_image_alt":"","footnotes":""},"categories":[73,55],"tags":[],"class_list":["post-78619","post","type-post","status-publish","format-standard","has-post-thumbnail","hentry","category-actualite","category-tunisie"],"_links":{"self":[{"href":"https:\/\/linitiative.ca\/International\/wp-json\/wp\/v2\/posts\/78619","targetHints":{"allow":["GET"]}}],"collection":[{"href":"https:\/\/linitiative.ca\/International\/wp-json\/wp\/v2\/posts"}],"about":[{"href":"https:\/\/linitiative.ca\/International\/wp-json\/wp\/v2\/types\/post"}],"author":[{"embeddable":true,"href":"https:\/\/linitiative.ca\/International\/wp-json\/wp\/v2\/users\/1789"}],"replies":[{"embeddable":true,"href":"https:\/\/linitiative.ca\/International\/wp-json\/wp\/v2\/comments?post=78619"}],"version-history":[{"count":0,"href":"https:\/\/linitiative.ca\/International\/wp-json\/wp\/v2\/posts\/78619\/revisions"}],"wp:featuredmedia":[{"embeddable":true,"href":"https:\/\/linitiative.ca\/International\/wp-json\/"}],"wp:attachment":[{"href":"https:\/\/linitiative.ca\/International\/wp-json\/wp\/v2\/media?parent=78619"}],"wp:term":[{"taxonomy":"category","embeddable":true,"href":"https:\/\/linitiative.ca\/International\/wp-json\/wp\/v2\/categories?post=78619"},{"taxonomy":"post_tag","embeddable":true,"href":"https:\/\/linitiative.ca\/International\/wp-json\/wp\/v2\/tags?post=78619"}],"curies":[{"name":"wp","href":"https:\/\/api.w.org\/{rel}","templated":true}]}}