{"id":78623,"date":"2020-03-09T15:27:57","date_gmt":"2020-03-09T19:27:57","guid":{"rendered":"https:\/\/linitiative.ca\/International\/coronavirus-en-afrique\/"},"modified":"2020-03-09T15:27:57","modified_gmt":"2020-03-09T19:27:57","slug":"coronavirus-en-afrique","status":"publish","type":"post","link":"https:\/\/linitiative.ca\/International\/coronavirus-en-afrique\/","title":{"rendered":"CORONAVIRUS EN AFRIQUE"},"content":{"rendered":"<div class=\"stream-item stream-item-above-post-content\">\n<p><noscript><\/p>\n<p><a href=\"\/\/www3.smartadserver.com\/ac?jump=1&amp;nwid=2136&amp;siteid=240610&amp;pgname=rg&amp;fmtid=49046&amp;visit=m&amp;tmstp=[timestamp]&amp;out=nonrich\" target=\"_blank\" rel=\"noopener noreferrer\"><img decoding=\"async\" src=\"http:\/\/www3.smartadserver.com\/ac?out=nonrich&amp;nwid=2136&amp;siteid=240610&amp;pgname=rg&amp;fmtid=49046&amp;visit=m&amp;tmstp=[timestamp]\" border=\"0\" alt=\"\"\/><\/a><\/p>\n<p><\/noscript><\/div>\n<p class=\"c3\"><em>Alors que le coronavirus fait des ravages dans le monde entier o\u00f9 pr\u00e8s d\u2019une centaine de pays sont \u00e0 pr\u00e9sent touch\u00e9s, on se demande encore pourquoi l\u2019Afrique est plus \u00e9pargn\u00e9e que les autres continents, notamment l\u2019Europe et l\u2019Asie qui enregistrent le plus grand nombres de cas et de d\u00e9c\u00e8s. Et si une dizaine de pays du continent noir ont confirm\u00e9 par-ci par-l\u00e0 des cas, il reste que les cas r\u00e9v\u00e9l\u00e9s sont, pour la plupart, ceux de voyageurs europ\u00e9ens en migration sur le continent africain. Et aujourd\u2019hui encore, tr\u00e8s peu de cas d\u2019Africains atteints par la maladie, sont signal\u00e9s \u00e0 travers le monde. De l\u00e0 \u00e0 penser que le Noir est plus r\u00e9sistant au coronavirus, que d\u2019aucuns ont vite fait de qualifier de maladie de Blancs, il y a un pas que certains Africains ont vite fait de franchir, convaincus de surcro\u00eet que le virus ne r\u00e9sisterait pas \u00e0 la chaleur encore moins \u00e0 la poussi\u00e8re du continent. Mais en dehors de toute d\u00e9monstration scientifique, ce sont des clich\u00e9s \u00e0 d\u00e9construire au plus vite, sur un continent o\u00f9 le manque d\u2019informations sur la maladie laisse souvent la place \u00e0 toutes sortes de ragots v\u00e9hicul\u00e9s, la plupart du temps, sur les r\u00e9seaux sociaux.<\/em><\/p>\n<p class=\"c3\"><strong><em>Il est imp\u00e9ratif de garder la vigilance au niveau d\u2019alerte le plus \u00e9lev\u00e9<\/em><\/strong><\/p>\n<p class=\"c3\"><em>Cela est d\u2019autant plus n\u00e9cessaire que la maladie, partie de Chine, est en train de se r\u00e9pandre \u00e0 une vitesse exponentielle dans le monde, et de plus en plus sur le continent noir o\u00f9 on compte, \u00e0 ce jour, une dizaine de pays touch\u00e9s, avec un premier cas de d\u00e9c\u00e8s en Egypte o\u00f9 un sexag\u00e9naire allemand est mort, le 8 mars dernier, apr\u00e8s deux jours d\u2019internement. C\u2019est dire si la situation est devenue tr\u00e8s pr\u00e9occupante. Et la question est de savoir si l\u2019Afrique est suffisamment arm\u00e9e pour faire face \u00e0 la maladie et de quels moyens elle dispose pour contrer le fl\u00e9au qui est en train de d\u00e9sorganiser m\u00eame les plus grandes puissances, avec des cons\u00e9quences \u00e9conomiques catastrophiques par endroits. Avec un syst\u00e8me de sant\u00e9 pas toujours au point et des fronti\u00e8res poreuses, il y a des raisons de nourrir de fortes inqui\u00e9tudes face \u00e0 une \u00e9ventuelle escalade de la maladie en Afrique. Non seulement les structures sanitaires seraient vite d\u00e9bord\u00e9es, mais on ne voit pas non plus comment l\u2019on pourrait proc\u00e9der, par exemple, \u00e0 des m\u00e9thodes de confinement prolong\u00e9 ou de mise en quarantaine de r\u00e9gions enti\u00e8res sur un continent o\u00f9 la majorit\u00e9 des populations sans revenu fixe, vit pratiquement au jour le jour. Et dans des pays comme le Burkina Faso, le Mali et le Niger confront\u00e9s \u00e0 l\u2019hydre terroriste, la situation serait encore plus catastrophique avec la situation des d\u00e9plac\u00e9s internes confin\u00e9s par endroits dans des camps, et dont le nombre ne cesse de s\u2019accro\u00eetre au fur et \u00e0 mesure que la b\u00eate immonde \u00e9tend ses tentacules.<\/em> <em>C\u2019est pourquoi il est imp\u00e9ratif de garder la vigilance au niveau d\u2019alerte le plus \u00e9lev\u00e9, et de mettre l\u2019accent sur l\u2019information et la pr\u00e9vention en vulgarisant au maximum les mesures de pr\u00e9caution les plus simples et les plus accessibles aux populations.<\/em><\/p>\n<p class=\"c3\"><strong><em>L\u2019Afrique pr\u00e9sente une vuln\u00e9rabilit\u00e9 qui fait craindre que le d\u00e9fi de la lutte contre ce redoutable virus, ne soit une gageure pour elle<\/em><\/strong><\/p>\n<p class=\"c3\"><em>Car, quand on conna\u00eet souvent le laxisme dans certaines de nos administrations, on peut douter que le dispositif dans bien des a\u00e9roports et le protocole que requiert la gravit\u00e9 de la situation, soient rigoureusement suivis pour permettre de d\u00e9tecter tout cas suspect \u00e0 l\u2019arriv\u00e9e, afin de prendre les dispositions de mise en quarantaine et de suivi m\u00e9dical qui s\u2019imposent. Et quid des fronti\u00e8res terrestres qui connaissent chaque jour des flux massifs de populations, et qui ne semblent pas prises en compte dans le d\u00e9ploiement des dispositifs de surveillance et de d\u00e9tection ? C\u2019est dire si l\u2019Afrique pr\u00e9sente une vuln\u00e9rabilit\u00e9 qui fait craindre que le d\u00e9fi de la lutte contre ce redoutable virus, ne soit une gageure pour elle, si rien n\u2019est fait pour \u00e9viter une explosion de la maladie sur ce continent. Les gouvernants sont donc interpell\u00e9s. Car, si la distance d\u2019avec la Chine peut, en partie, expliquer la relative faiblesse des cas signal\u00e9s en Afrique, on peut dire que le continent est d\u00e9sormais beaucoup plus explos\u00e9 depuis que l\u2019Europe a \u00e9t\u00e9 frapp\u00e9e de plein fouet par la maladie dont le foyer le plus incandescent est, \u00e0 ce jour, localis\u00e9 en Italie. C\u2019est dire si plus que jamais aux portes d\u2019un des continents les plus pauvres et les plus d\u00e9munis du monde, le coronavirus pourrait faire davantage parler de lui si des mesures drastiques ne sont pas prises pour parer \u00e0 la situation et minimiser son impact sur le continent. En attendant que la science trouve, au plus vite, une solution, on croise les doigts pour l\u2019Afrique qui n\u2019a visiblement pas la grande capacit\u00e9 de r\u00e9action que l\u2019on a vu ailleurs.<\/em><\/p>\n<p class=\"c3\"><strong><em>\u00ab\u00a0\u00a0Le Pays\u00a0\u00bb<\/em><\/strong><\/p>\n<p>Auteur: Le Pays<br \/>\n<a href=\"http:\/\/lepays.bf\/coronavirus-en-afrique\/\">Cliquez ici pour lire l&rsquo;article depuis sa source.<\/a><\/p>\n","protected":false},"excerpt":{"rendered":"<p>Alors que le coronavirus fait des ravages dans le monde entier o\u00f9 pr\u00e8s d\u2019une centaine de pays sont \u00e0 pr\u00e9sent touch\u00e9s, on se demande encore pourquoi l\u2019Afrique est plus \u00e9pargn\u00e9e que les autres continents, notamment l\u2019Europe et l\u2019Asie qui enregistrent le plus grand nombres de cas et de d\u00e9c\u00e8s. Et si une dizaine de pays [&hellip;]<\/p>\n","protected":false},"author":1813,"featured_media":0,"comment_status":"closed","ping_status":"closed","sticky":false,"template":"","format":"standard","meta":{"fifu_image_url":"","fifu_image_alt":"","footnotes":""},"categories":[73,81],"tags":[],"class_list":["post-78623","post","type-post","status-publish","format-standard","hentry","category-actualite","category-burkina-faso"],"_links":{"self":[{"href":"https:\/\/linitiative.ca\/International\/wp-json\/wp\/v2\/posts\/78623","targetHints":{"allow":["GET"]}}],"collection":[{"href":"https:\/\/linitiative.ca\/International\/wp-json\/wp\/v2\/posts"}],"about":[{"href":"https:\/\/linitiative.ca\/International\/wp-json\/wp\/v2\/types\/post"}],"author":[{"embeddable":true,"href":"https:\/\/linitiative.ca\/International\/wp-json\/wp\/v2\/users\/1813"}],"replies":[{"embeddable":true,"href":"https:\/\/linitiative.ca\/International\/wp-json\/wp\/v2\/comments?post=78623"}],"version-history":[{"count":0,"href":"https:\/\/linitiative.ca\/International\/wp-json\/wp\/v2\/posts\/78623\/revisions"}],"wp:attachment":[{"href":"https:\/\/linitiative.ca\/International\/wp-json\/wp\/v2\/media?parent=78623"}],"wp:term":[{"taxonomy":"category","embeddable":true,"href":"https:\/\/linitiative.ca\/International\/wp-json\/wp\/v2\/categories?post=78623"},{"taxonomy":"post_tag","embeddable":true,"href":"https:\/\/linitiative.ca\/International\/wp-json\/wp\/v2\/tags?post=78623"}],"curies":[{"name":"wp","href":"https:\/\/api.w.org\/{rel}","templated":true}]}}