{"id":78624,"date":"2020-03-09T15:30:47","date_gmt":"2020-03-09T19:30:47","guid":{"rendered":"https:\/\/linitiative.ca\/International\/confirmation-de-simon-compaore-a-la-tete-du-mpp\/"},"modified":"2020-03-09T15:30:47","modified_gmt":"2020-03-09T19:30:47","slug":"confirmation-de-simon-compaore-a-la-tete-du-mpp","status":"publish","type":"post","link":"https:\/\/linitiative.ca\/International\/confirmation-de-simon-compaore-a-la-tete-du-mpp\/","title":{"rendered":"CONFIRMATION DE SIMON COMPAORE A LA TETE DU MPP"},"content":{"rendered":"<div class=\"stream-item stream-item-above-post-content\">\n<p><noscript><\/p>\n<p><a href=\"\/\/www3.smartadserver.com\/ac?jump=1&amp;nwid=2136&amp;siteid=240610&amp;pgname=rg&amp;fmtid=49046&amp;visit=m&amp;tmstp=[timestamp]&amp;out=nonrich\" target=\"_blank\" rel=\"noopener noreferrer\"><img decoding=\"async\" src=\"http:\/\/www3.smartadserver.com\/ac?out=nonrich&amp;nwid=2136&amp;siteid=240610&amp;pgname=rg&amp;fmtid=49046&amp;visit=m&amp;tmstp=[timestamp]\" border=\"0\" alt=\"\"\/><\/a><\/p>\n<p><\/noscript><\/div>\n<p class=\"c3\"><em>Le Mouvement du peuple pour le progr\u00e8s (MPP) a referm\u00e9 son troisi\u00e8me congr\u00e8s ordinaire samedi dernier sous le signe de la mobilisation et de la coh\u00e9sion du parti, dans la cuvette du Palais des sports de Ouaga 2000, drap\u00e9e aux couleurs orange et blanc. C\u2019est dans cette antre sportive que des milliers de militants du parti au pouvoir, gonfl\u00e9s \u00e0 bloc, en apparence en tout cas, ont proc\u00e9d\u00e9 \u00e0 la mise en place d\u2019un nouveau Bureau ex\u00e9cutif national charg\u00e9 de d\u00e9fendre vaillamment le programme de leur candidat dont l\u2019investiture est pr\u00e9vue dans les semaines \u00e0 venir, afin qu\u2019il remporte l\u2019\u00e9lection pr\u00e9sidentielle de novembre prochain. Comme on pouvait s\u2019y attendre, le parti pr\u00e9sidentiel n\u2019a pas pris le risque de cr\u00e9er des frustrations en son sein \u00e0 l\u2019or\u00e9e de cette \u00e9ch\u00e9ance \u00e0 l\u2019issue incertaine, en proc\u00e9dant \u00e0 une valse des \u00e9tiquettes. Il s\u2019est content\u00e9, pour ainsi dire, de confirmer, sans surprise, son pr\u00e9sident par int\u00e9rim, Simon Compaor\u00e9, au poste de pr\u00e9sident du parti, de plein exercice, et de supprimer le poste de 5e vice-pr\u00e9sident. En propulsant \u00e0 cette fonction ce briscard de la politique connu pour son sens de l\u2019humour, son don de la rh\u00e9torique et son art de la r\u00e9partie dont ses militants sont si friands, le MPP esp\u00e8re gagner encore une fois l\u2019attachement des \u00e9lecteurs face \u00e0 une pl\u00e9thore de partis politiques dont beaucoup, il faut bien le reconna\u00eetre, n\u2019ont qu\u2019une existence nominale. Pour autant, on est en droit de se demander si, malgr\u00e9 la r\u00e9alisation d\u2019infrastructures tangiblement b\u00e9n\u00e9fiques pour les populations, conjugu\u00e9e avec une fragmentation si ce n\u2019est un manque de cr\u00e9dibilit\u00e9 chez certains partis de l\u2019opposition, le MPP pourra boire tranquillement son petit lait jusqu\u2019aux prochaines \u00e9lections gagn\u00e9es d\u2019avance selon ses propres brasseurs de vent. Le doute est permis, surtout quand on sait que notre pays est marqu\u00e9 depuis le d\u00e9but du mandat du pr\u00e9sident Roch Marc Christian Kabor\u00e9, par un contexte s\u00e9curitaire plus que difficile et un climat social explosif, en r\u00e9action aux in\u00e9galit\u00e9s \u00e9conomiques et sociales durablement ancr\u00e9es chez nous.<\/em><\/p>\n<p class=\"c3\"><strong><em>La t\u00e2che risque d\u2019\u00eatre ardue, tant que le pays restera entre le marteau des terroristes et l\u2019enclume des syndicats<\/em><\/strong><\/p>\n<p class=\"c3\"><em>Si l\u2019h\u00e9ritage de l\u2019ancien r\u00e9gime de Blaise Compaor\u00e9 ne peut \u00eatre \u00e9cart\u00e9 pour expliquer l\u2019\u00e9tat de d\u00e9litement ou de d\u00e9sagr\u00e9gation sociale et s\u00e9curitaire actuel du Burkina, le parti du \u2018\u2019soleil levant\u2019\u2019 comme on l\u2019appelle, et ses alli\u00e9s, sont mis face \u00e0 leurs responsabilit\u00e9s, d\u2019autant plus que de nombreuses affaires de corruption ou de gestion scandaleuse des ressources publiques ont \u00e9t\u00e9 mises \u00e0 jour depuis leur arriv\u00e9e au pouvoir en 2015. De toute apparence, les congressistes du week-end dernier ont pris la mesure de la situation, en d\u00e9clarant par la voix de leur pr\u00e9sident, que \u00ab\u00a0le terrorisme est une guerre de 5e g\u00e9n\u00e9ration dont certains hors-la-loi se servent pour tracer de nouvelles routes de la criminalit\u00e9 transfrontali\u00e8re et des trafics de toute nature dans la bande Sah\u00e9lo-saharienne\u00a0\u00bb, et en invitant l\u2019ONU \u00ab\u00a0\u00e0 utiliser son influence politique dans le but d\u2019amener toutes les parties en conflits au Sahel \u00e0 entamer des dialogues pour mettre fin \u00e0 cette situation chaotique et \u00e0 instaurer la paix\u00a0\u00bb. Manifestement, les lignes ont boug\u00e9 car, il n\u2019est plus question de faire porter le chapeau du malheur actuel du Burkina uniquement \u00e0 l\u2019ancien r\u00e9gime comme c\u2019\u00e9tait encore le cas il y a seulement quelques mois. Cela dit, pendant que le parti pr\u00e9sidentiel qui veut aller sereinement aux \u00e9lections, tenait son conclave \u00e0 Ouaga 2000, le pays \u00e9tait en proie \u00e0 des \u2018\u2019frappes\u2019\u2019 au propre comme au figur\u00e9, avec d\u2019une part les d\u00e9cors apocalyptiques de film d\u2019\u00e9pouvante plant\u00e9s dans des villages de l\u2019Est et du Centre-Nord par des individus aux desseins funestes, et d\u2019autre part les dizaines de milliers de manifestants charri\u00e9s dans les principales villes du pays par la vague du \u2018\u2019G\u00e9n\u00e9ral\u2019\u2019 Bassolma pour r\u00e9clamer plus \u00ab\u00a0de pain et de libert\u00e9 pour le peuple\u00a0\u00bb. Pour sauver le soldat Roch d\u2019une \u00e9ventuelle bourrasque, et en l\u2019absence d\u00e9finitive du maestro et tr\u00e8s charismatique Salifou Diallo de regrett\u00e9e m\u00e9moire, c\u2019est \u2018\u2019Tonton Tranquilos\u2019\u2019 dont on conna\u00eet la t\u00e9m\u00e9rit\u00e9, la fougue et l\u2019ardeur au travail malgr\u00e9 ses nombreux hivernages,\u00a0 que les \u2018\u2019Orangers\u2019\u2019 ont, pour ainsi dire, pl\u00e9biscit\u00e9 pour diriger le commando dont la mission principale est de faire r\u00e9\u00e9lire leur champion en novembre prochain, en r\u00e9\u00e9ditant possiblement le coup de 2015. Mais la t\u00e2che risque d\u2019\u00eatre ardue, car tant que le pays restera entre le marteau des terroristes et l\u2019enclume des syndicats, les propos l\u00e9nifiants de Simon Compaor\u00e9 ou le b\u00e9ton bitumineux de \u2018\u2019Eric-Bulldozer\u2019\u2019 ne suffiront pas \u00e0 convaincre les \u00e9lecteurs dont beaucoup n\u2019ont plus le c\u0153ur \u2026au vote, de renouveler leur confiance \u00e0 l\u2019actuelle \u00e9quipe dirigeante. Mais n\u2019allons pas plus vite que la musique car nous sommes en Afrique o\u00f9 la prime au sortant ou le vote l\u00e9gitimiste p\u00e8se bien plus lourd dans les urnes que n\u2019importe quel programme politique.<\/em><\/p>\n<p class=\"c3\"><strong><em>Sidzabda<\/em><\/strong><\/p>\n<p>Auteur: Le Pays<br \/>\n<a href=\"http:\/\/lepays.bf\/confirmation-de-simon-compaore-a-la-tete-du-mpp\/\">Cliquez ici pour lire l&rsquo;article depuis sa source.<\/a><\/p>\n","protected":false},"excerpt":{"rendered":"<p>Le Mouvement du peuple pour le progr\u00e8s (MPP) a referm\u00e9 son troisi\u00e8me congr\u00e8s ordinaire samedi dernier sous le signe de la mobilisation et de la coh\u00e9sion du parti, dans la cuvette du Palais des sports de Ouaga 2000, drap\u00e9e aux couleurs orange et blanc. C\u2019est dans cette antre sportive que des milliers de militants du [&hellip;]<\/p>\n","protected":false},"author":1813,"featured_media":0,"comment_status":"closed","ping_status":"closed","sticky":false,"template":"","format":"standard","meta":{"fifu_image_url":"","fifu_image_alt":"","footnotes":""},"categories":[73,81],"tags":[],"class_list":["post-78624","post","type-post","status-publish","format-standard","hentry","category-actualite","category-burkina-faso"],"_links":{"self":[{"href":"https:\/\/linitiative.ca\/International\/wp-json\/wp\/v2\/posts\/78624","targetHints":{"allow":["GET"]}}],"collection":[{"href":"https:\/\/linitiative.ca\/International\/wp-json\/wp\/v2\/posts"}],"about":[{"href":"https:\/\/linitiative.ca\/International\/wp-json\/wp\/v2\/types\/post"}],"author":[{"embeddable":true,"href":"https:\/\/linitiative.ca\/International\/wp-json\/wp\/v2\/users\/1813"}],"replies":[{"embeddable":true,"href":"https:\/\/linitiative.ca\/International\/wp-json\/wp\/v2\/comments?post=78624"}],"version-history":[{"count":0,"href":"https:\/\/linitiative.ca\/International\/wp-json\/wp\/v2\/posts\/78624\/revisions"}],"wp:attachment":[{"href":"https:\/\/linitiative.ca\/International\/wp-json\/wp\/v2\/media?parent=78624"}],"wp:term":[{"taxonomy":"category","embeddable":true,"href":"https:\/\/linitiative.ca\/International\/wp-json\/wp\/v2\/categories?post=78624"},{"taxonomy":"post_tag","embeddable":true,"href":"https:\/\/linitiative.ca\/International\/wp-json\/wp\/v2\/tags?post=78624"}],"curies":[{"name":"wp","href":"https:\/\/api.w.org\/{rel}","templated":true}]}}