{"id":78625,"date":"2020-03-09T15:33:16","date_gmt":"2020-03-09T19:33:16","guid":{"rendered":"https:\/\/linitiative.ca\/International\/reponse-du-gsim-a-lappel-dibk\/"},"modified":"2020-03-09T15:33:16","modified_gmt":"2020-03-09T19:33:16","slug":"reponse-du-gsim-a-lappel-dibk","status":"publish","type":"post","link":"https:\/\/linitiative.ca\/International\/reponse-du-gsim-a-lappel-dibk\/","title":{"rendered":"REPONSE DU GSIM A L\u2019APPEL D\u2019IBK"},"content":{"rendered":"<div class=\"stream-item stream-item-above-post-content\">\n<p><noscript><\/p>\n<p><a href=\"\/\/www3.smartadserver.com\/ac?jump=1&amp;nwid=2136&amp;siteid=240610&amp;pgname=rg&amp;fmtid=49046&amp;visit=m&amp;tmstp=[timestamp]&amp;out=nonrich\" target=\"_blank\" rel=\"noopener noreferrer\"><img decoding=\"async\" src=\"http:\/\/www3.smartadserver.com\/ac?out=nonrich&amp;nwid=2136&amp;siteid=240610&amp;pgname=rg&amp;fmtid=49046&amp;visit=m&amp;tmstp=[timestamp]\" border=\"0\" alt=\"\"\/><\/a><\/p>\n<p><\/noscript><\/div>\n<p class=\"c3\"><em>Le mois dernier, le pr\u00e9sident malien, Ibrahim Boubacar Keita (IBK), d\u00e9clarait \u00e0 qui voulait l\u2019entendre, qu\u2019il \u00e9tait dispos\u00e9 \u00e0 n\u00e9gocier avec certains leaders djihadistes, en l\u2019occurrence Iyad Ag Ghali et Amadou Koufa. Ces deux hommes, membres du Groupe de soutien \u00e0 l\u2019islam et aux musulmans (GSIM), ont r\u00e9pondu favorablement \u00e0 l\u2019appel du chef de l\u2019Etat non sans conditions. En effet, dans un communiqu\u00e9 publi\u00e9 sur Internet, ils estiment que le dialogue que les autorit\u00e9s de Bamako appellent de tous leurs v\u0153ux, n\u2019est envisageable qu\u2019apr\u00e8s le d\u00e9part des forces \u00e9trang\u00e8res du Mali, notamment les troupes fran\u00e7aises et les soldats de la MINISMA. Autant dire que le dialogue souhait\u00e9 par IBK , avant m\u00eame son entame, a d\u00e9j\u00e0 \u00e9chou\u00e9 puisqu\u2019on voit mal les autorit\u00e9s maliennes prendre le risque de demander aux forces \u00e9trang\u00e8res en pr\u00e9sence, de plier armes et bagages. Surtout au regard de la recrudescence des attaques terroristes au Mali et plus g\u00e9n\u00e9ralement dans la bande sah\u00e9lo-saharienne . En tout cas, le GSIM voudrait d\u00e9cliner l\u2019offre de dialogue de IBK qu\u2019il ne s\u2019y pendrait pas autrement d\u2019autant qu\u2019il est pr\u00e9vu, dans les jours \u00e0 venir, le d\u00e9ploiement de nouvelles forces fran\u00e7aises, africaines et europ\u00e9ennes en terre malienne. A moins que sa posture ne rel\u00e8ve d\u2019une strat\u00e9gie qui consiste \u00e0 r\u00e9clamer tout le bras dans l\u2019espoir d\u2019obtenir l\u2019avant-bras, c\u2019est-\u00e0-dire qu\u2019\u00e0 d\u00e9faut de faire partir les forces \u00e9trang\u00e8res, Bamako demande \u00e0 ses partenaires de surseoir au d\u00e9ploiement annonc\u00e9 de troupes suppl\u00e9mentaires.<\/em><\/p>\n<p class=\"c3\"><strong><em>Le d\u00e9part des troupes \u00e9trang\u00e8res, exig\u00e9 par le GSIM, n\u2019est qu\u2019une \u00e9tape qui, si elle est franchie, appellera \u00e0 d\u2019autres pr\u00e9alables<\/em><\/strong><\/p>\n<p class=\"c3\"><em>Quoi qu\u2019il en soit, le risque est grand que ce dialogue n\u2019ait pas lieu. Car, ce serait une mani\u00e8re pour Bamako de se laisser dicter sa conduite par des terroristes, voire de se faire hara-kiri si elle acc\u00e8de \u00e0 cette revendication qui traduit la volont\u00e9 de ces derniers de n\u00e9gocier avec un rapport de forces en leur faveur. Et l\u00e0, il ne faudrait pas \u00eatre surpris de voir Iyad et ses\u00a0sbires remettre en cause la la\u00efcit\u00e9 et l\u2019indivisibilit\u00e9 de l\u2019Etat malien, en exigeant que soit instaur\u00e9e la charia. C\u2019est ce qui fait dire \u00e0 certains que le d\u00e9part des troupes \u00e9trang\u00e8res, exig\u00e9 par le GSIM, n\u2019est qu\u2019une \u00e9tape qui, si elle est franchie, appellera \u00e0 d\u2019autres pr\u00e9alables que ne manqueront pas de poser les groupes djihadistes. Car, pour ces derniers qui se sentent gonfl\u00e9s \u00e0 bloc, la d\u00e9marche du chef de l\u2019Etat malien traduit un aveu d\u2019impuissance si fait qu\u2019ils se disent pr\u00eats \u00e0 n\u00e9gocier, le couteau sur la gorge de l\u2019adversaire. C\u2019est la preuve, pour ceux qui en doutaient encore, qu\u2019il est difficile de n\u00e9gocier avec des terroristes; tant ils sont ondoyants et insaisissables\u00a0. Le seul moyen de les domestiquer, c\u2019est de les acculer jusque dans leurs derniers retranchements de sorte \u00e0 ce qu\u2019ils se sentent en position de faiblesse. L\u00e0, ils n\u2019auront pas d\u2019autre choix que de courber l\u2019\u00e9chine.<\/em><\/p>\n<p class=\"c3\"><strong><em>B.O<\/em><\/strong><\/p>\n<p>Auteur: Le Pays<br \/>\n<a href=\"http:\/\/lepays.bf\/reponse-du-gsim-a-lappel-dibk\/\">Cliquez ici pour lire l&rsquo;article depuis sa source.<\/a><\/p>\n","protected":false},"excerpt":{"rendered":"<p>Le mois dernier, le pr\u00e9sident malien, Ibrahim Boubacar Keita (IBK), d\u00e9clarait \u00e0 qui voulait l\u2019entendre, qu\u2019il \u00e9tait dispos\u00e9 \u00e0 n\u00e9gocier avec certains leaders djihadistes, en l\u2019occurrence Iyad Ag Ghali et Amadou Koufa. Ces deux hommes, membres du Groupe de soutien \u00e0 l\u2019islam et aux musulmans (GSIM), ont r\u00e9pondu favorablement \u00e0 l\u2019appel du chef de l\u2019Etat [&hellip;]<\/p>\n","protected":false},"author":1813,"featured_media":0,"comment_status":"closed","ping_status":"closed","sticky":false,"template":"","format":"standard","meta":{"fifu_image_url":"","fifu_image_alt":"","footnotes":""},"categories":[73,81],"tags":[],"class_list":["post-78625","post","type-post","status-publish","format-standard","hentry","category-actualite","category-burkina-faso"],"_links":{"self":[{"href":"https:\/\/linitiative.ca\/International\/wp-json\/wp\/v2\/posts\/78625","targetHints":{"allow":["GET"]}}],"collection":[{"href":"https:\/\/linitiative.ca\/International\/wp-json\/wp\/v2\/posts"}],"about":[{"href":"https:\/\/linitiative.ca\/International\/wp-json\/wp\/v2\/types\/post"}],"author":[{"embeddable":true,"href":"https:\/\/linitiative.ca\/International\/wp-json\/wp\/v2\/users\/1813"}],"replies":[{"embeddable":true,"href":"https:\/\/linitiative.ca\/International\/wp-json\/wp\/v2\/comments?post=78625"}],"version-history":[{"count":0,"href":"https:\/\/linitiative.ca\/International\/wp-json\/wp\/v2\/posts\/78625\/revisions"}],"wp:attachment":[{"href":"https:\/\/linitiative.ca\/International\/wp-json\/wp\/v2\/media?parent=78625"}],"wp:term":[{"taxonomy":"category","embeddable":true,"href":"https:\/\/linitiative.ca\/International\/wp-json\/wp\/v2\/categories?post=78625"},{"taxonomy":"post_tag","embeddable":true,"href":"https:\/\/linitiative.ca\/International\/wp-json\/wp\/v2\/tags?post=78625"}],"curies":[{"name":"wp","href":"https:\/\/api.w.org\/{rel}","templated":true}]}}