{"id":78628,"date":"2020-03-09T16:18:03","date_gmt":"2020-03-09T20:18:03","guid":{"rendered":"https:\/\/linitiative.ca\/International\/nigeria-lemir-de-kano-perd-son-trone\/"},"modified":"2020-03-09T16:18:03","modified_gmt":"2020-03-09T20:18:03","slug":"nigeria-lemir-de-kano-perd-son-trone","status":"publish","type":"post","link":"https:\/\/linitiative.ca\/International\/nigeria-lemir-de-kano-perd-son-trone\/","title":{"rendered":"Nigeria : l\u2019\u00e9mir de Kano perd son tr\u00f4ne"},"content":{"rendered":"<div readability=\"32\">\n<p>Publi\u00e9 le 09.03.2020 \u00e0 21h18 par APA News<\/p>\n<\/div>\n<div readability=\"65\">\n<p>Sanusi Lamido Sanusi, l\u2019\u00e9mir de Kano coupable d\u2019 \u00ab insubordination et (de) manque de respect envers le pouvoir politique et religieux \u00bb, a \u00e9t\u00e9 destitu\u00e9 ce lundi par le gouverneur de cet Etat.\u00ab Le Conseil ex\u00e9cutif de Kano a donn\u00e9 son accord \u00e0 l\u2019unanimit\u00e9 pour d\u00e9tr\u00f4ner l\u2019\u00e9mir Muhammadu Sanusi II et le relever de ses fonctions \u00bb, annonce un communiqu\u00e9 sign\u00e9 d\u2019Alhaji Usman Alhaji, le porte-parole du gouvernement de cet Etat situ\u00e9 \u00e0 420 km au nord d\u2019Abuja, la capitale du Nigeria.<\/p>\n<p>Le tort de Sanusi Lamido Sanusi est son refus de prendre part \u00e0 des r\u00e9unions avec le gouverneur Abdullahi Umar Ganduje sans fournir une \u00ab justification l\u00e9gale \u00bb. L\u2019ancien gouverneur de la Banque centrale, aussit\u00f4t apr\u00e8s sa destitution, a \u00e9t\u00e9 conduit manu militari dans l\u2019Etat voisin de Nasawara \u00ab o\u00f9 il restera en exil \u00bb, selon une source gouvernementale cit\u00e9e par l\u2019Agence France Presse (AFP).<\/p>\n<p>La chute du tr\u00e8s influent chef traditionnel est le dernier \u00e9pisode d\u2019un conflit qui l\u2019oppose au pouvoir politique. Abdullahi Umar Ganduje, le gouverneur de Kano, par ailleurs membre du Congr\u00e8s des progressistes (APC, parti au pouvoir), reproche notamment \u00e0 Sanusi Lamido Sanusi d\u2019avoir soutenu l\u2019opposition aux \u00e9lections de f\u00e9vrier 2019.<\/p>\n<p>Pour l\u2019affaiblir, les autorit\u00e9s politiques avaient profit\u00e9 de son voyage, en mai dernier, \u00e0 La Mecque pour diviser l\u2019\u00e9mirat en quatre territoires. En outre, Sanusi Lamido Sanusi faisait r\u00e9guli\u00e8rement l\u2019objet d\u2019accusations de d\u00e9tournements de fonds ou d\u2019appropriation de terres.<\/p>\n<\/div>\n<p>Auteur: APA News<br \/>\n<a href=\"https:\/\/www.journalducameroun.com\/nigeria-lemir-de-kano-perd-son-trone\/\">Cliquez ici pour lire l&rsquo;article depuis sa source.<\/a><\/p>\n","protected":false},"excerpt":{"rendered":"<p>Publi\u00e9 le 09.03.2020 \u00e0 21h18 par APA News Sanusi Lamido Sanusi, l\u2019\u00e9mir de Kano coupable d\u2019 \u00ab insubordination et (de) manque de respect envers le pouvoir politique et religieux \u00bb, a \u00e9t\u00e9 destitu\u00e9 ce lundi par le gouverneur de cet Etat.\u00ab Le Conseil ex\u00e9cutif de Kano a donn\u00e9 son accord \u00e0 l\u2019unanimit\u00e9 pour d\u00e9tr\u00f4ner l\u2019\u00e9mir [&hellip;]<\/p>\n","protected":false},"author":1965,"featured_media":0,"comment_status":"closed","ping_status":"closed","sticky":false,"template":"","format":"standard","meta":{"fifu_image_url":"","fifu_image_alt":"","footnotes":""},"categories":[73,82],"tags":[],"class_list":["post-78628","post","type-post","status-publish","format-standard","hentry","category-actualite","category-cameroun"],"_links":{"self":[{"href":"https:\/\/linitiative.ca\/International\/wp-json\/wp\/v2\/posts\/78628","targetHints":{"allow":["GET"]}}],"collection":[{"href":"https:\/\/linitiative.ca\/International\/wp-json\/wp\/v2\/posts"}],"about":[{"href":"https:\/\/linitiative.ca\/International\/wp-json\/wp\/v2\/types\/post"}],"author":[{"embeddable":true,"href":"https:\/\/linitiative.ca\/International\/wp-json\/wp\/v2\/users\/1965"}],"replies":[{"embeddable":true,"href":"https:\/\/linitiative.ca\/International\/wp-json\/wp\/v2\/comments?post=78628"}],"version-history":[{"count":0,"href":"https:\/\/linitiative.ca\/International\/wp-json\/wp\/v2\/posts\/78628\/revisions"}],"wp:attachment":[{"href":"https:\/\/linitiative.ca\/International\/wp-json\/wp\/v2\/media?parent=78628"}],"wp:term":[{"taxonomy":"category","embeddable":true,"href":"https:\/\/linitiative.ca\/International\/wp-json\/wp\/v2\/categories?post=78628"},{"taxonomy":"post_tag","embeddable":true,"href":"https:\/\/linitiative.ca\/International\/wp-json\/wp\/v2\/tags?post=78628"}],"curies":[{"name":"wp","href":"https:\/\/api.w.org\/{rel}","templated":true}]}}