{"id":78630,"date":"2020-03-09T16:18:07","date_gmt":"2020-03-09T20:18:07","guid":{"rendered":"https:\/\/linitiative.ca\/International\/le-parlement-ivoirien-autorise-la-modification-du-projet-de-revision-de-la-constitution\/"},"modified":"2020-03-09T16:18:07","modified_gmt":"2020-03-09T20:18:07","slug":"le-parlement-ivoirien-autorise-la-modification-du-projet-de-revision-de-la-constitution","status":"publish","type":"post","link":"https:\/\/linitiative.ca\/International\/le-parlement-ivoirien-autorise-la-modification-du-projet-de-revision-de-la-constitution\/","title":{"rendered":"Le Parlement ivoirien autorise la modification du projet de r\u00e9vision de la Constitution"},"content":{"rendered":"<div readability=\"32\">\n<p>Publi\u00e9 le 09.03.2020 \u00e0 21h18 par APA News<\/p>\n<\/div>\n<div readability=\"68\">\n<p>Les s\u00e9nateurs et les d\u00e9put\u00e9s ivoiriens, r\u00e9unis en congr\u00e8s, ont adopt\u00e9 lundi la recevabilit\u00e9 du projet de r\u00e9vision de la Constitution de la R\u00e9publique de C\u00f4te d\u2019Ivoire avec 225 voix pour, 83 voix contre et quatre abstentions, lors d\u2019une session \u00e0 Yamoussoukro.Le Congr\u00e8s, rassembl\u00e9 \u00e0 la Fondation F\u00e9lix Houphou\u00ebt-Boigny de Yamoussoukro, s\u2019est prononc\u00e9 sur deux projets de lois, le premier portant sur l\u2019adoption de la r\u00e9solution fixant les r\u00e8gles d\u2019organisation et de fonctionnement du Congr\u00e8s, et le second sur la r\u00e9vision de la Constitution.\u00a0<\/p>\n<p>Le deuxi\u00e8me vote, tr\u00e8s attendu, portant sur l\u2019autorisation de la modification de la Constitution, a enregistr\u00e9 225 voix pour, 83 voix contre et 4 abstentions, tandis que le premier ayant trait aux r\u00e8gles r\u00e9gissant le Congr\u00e8s ressort 255 voix pour, 65 voix contre et 11 abstentions.<\/p>\n<p>Les deux chambres du parlement ivoirien comptent 355 si\u00e8ges avec 255 pour l\u2019Assembl\u00e9e nationale (basse chambre) et 100 pour le S\u00e9nat (haute chambre).<\/p>\n<p>Le gouvernement a adopt\u00e9 vendredi, en Conseil, un projet de loi de r\u00e9vision No 2016-886 du 8 novembre 2016 portant Constitution de la R\u00e9publique de C\u00f4te d\u2019Ivoire. Et ce, au lendemain de l\u2019annonce du chef de l\u2019Etat Alassane Ouattara de ne pas briguer un 3e mandat pr\u00e9sidentiel.<\/p>\n<p>Des leaders de l\u2019opposition ivoirienne qui saluent le retrait de M. Ouattara dans la course \u00e0 la pr\u00e9sidentielle d\u2019octobre 2020, craignent cependant un \u00ab tripatouillage \u00bb de cette Constitution au profit de la coalition au pouvoir. \u00a0 \u00a0<\/p>\n<\/div>\n<p>Auteur: APA News<br \/>\n<a href=\"https:\/\/www.journalducameroun.com\/le-parlement-ivoirien-autorise-la-modification-du-projet-de-revision-de-la-constitution\/\">Cliquez ici pour lire l&rsquo;article depuis sa source.<\/a><\/p>\n","protected":false},"excerpt":{"rendered":"<p>Publi\u00e9 le 09.03.2020 \u00e0 21h18 par APA News Les s\u00e9nateurs et les d\u00e9put\u00e9s ivoiriens, r\u00e9unis en congr\u00e8s, ont adopt\u00e9 lundi la recevabilit\u00e9 du projet de r\u00e9vision de la Constitution de la R\u00e9publique de C\u00f4te d\u2019Ivoire avec 225 voix pour, 83 voix contre et quatre abstentions, lors d\u2019une session \u00e0 Yamoussoukro.Le Congr\u00e8s, rassembl\u00e9 \u00e0 la Fondation [&hellip;]<\/p>\n","protected":false},"author":1965,"featured_media":0,"comment_status":"closed","ping_status":"closed","sticky":false,"template":"","format":"standard","meta":{"fifu_image_url":"","fifu_image_alt":"","footnotes":""},"categories":[73,82],"tags":[],"class_list":["post-78630","post","type-post","status-publish","format-standard","hentry","category-actualite","category-cameroun"],"_links":{"self":[{"href":"https:\/\/linitiative.ca\/International\/wp-json\/wp\/v2\/posts\/78630","targetHints":{"allow":["GET"]}}],"collection":[{"href":"https:\/\/linitiative.ca\/International\/wp-json\/wp\/v2\/posts"}],"about":[{"href":"https:\/\/linitiative.ca\/International\/wp-json\/wp\/v2\/types\/post"}],"author":[{"embeddable":true,"href":"https:\/\/linitiative.ca\/International\/wp-json\/wp\/v2\/users\/1965"}],"replies":[{"embeddable":true,"href":"https:\/\/linitiative.ca\/International\/wp-json\/wp\/v2\/comments?post=78630"}],"version-history":[{"count":0,"href":"https:\/\/linitiative.ca\/International\/wp-json\/wp\/v2\/posts\/78630\/revisions"}],"wp:attachment":[{"href":"https:\/\/linitiative.ca\/International\/wp-json\/wp\/v2\/media?parent=78630"}],"wp:term":[{"taxonomy":"category","embeddable":true,"href":"https:\/\/linitiative.ca\/International\/wp-json\/wp\/v2\/categories?post=78630"},{"taxonomy":"post_tag","embeddable":true,"href":"https:\/\/linitiative.ca\/International\/wp-json\/wp\/v2\/tags?post=78630"}],"curies":[{"name":"wp","href":"https:\/\/api.w.org\/{rel}","templated":true}]}}