{"id":78632,"date":"2020-03-09T17:50:04","date_gmt":"2020-03-09T21:50:04","guid":{"rendered":"https:\/\/linitiative.ca\/International\/juge-pour-agressions-sexuelles-lex-premier-ministre-ecossais-face-a-une-accusatrice\/"},"modified":"2020-03-09T17:50:04","modified_gmt":"2020-03-09T21:50:04","slug":"juge-pour-agressions-sexuelles-lex-premier-ministre-ecossais-face-a-une-accusatrice","status":"publish","type":"post","link":"https:\/\/linitiative.ca\/International\/juge-pour-agressions-sexuelles-lex-premier-ministre-ecossais-face-a-une-accusatrice\/","title":{"rendered":"Jug\u00e9 pour agressions sexuelles, l\u2019ex-Premier ministre \u00e9cossais face \u00e0 une accusatrice"},"content":{"rendered":"<div readability=\"32\">\n<p>Publi\u00e9 le 09.03.2020 \u00e0 22h50 par AFP<\/p>\n<\/div>\n<div readability=\"158\">\n<p>\u00ab\u00a0Il \u00e9tait totalement sur moi\u00a0\u00bb: l\u2019ex-Premier ministre ind\u00e9pendantiste \u00e9cossais Alex Salmond a \u00e9t\u00e9 confront\u00e9 \u00e0 l\u2019une de ses accusatrices lundi au premier jour de son proc\u00e8s pour agressions sexuelles devant la Haute cour d\u2019Edimbourg.<\/p>\n<p>Arriv\u00e9 au tribunal sans un mot, envelopp\u00e9 dans un manteau fonc\u00e9, l\u2019ex-t\u00e9nor de la cause ind\u00e9pendantiste \u00e9cossaise doit r\u00e9pondre en tout de 14 chefs d\u2019inculpation lors de son proc\u00e8s qui doit durer quatre semaines.<\/p>\n<p>Il s\u2019agit de deux tentatives de viol, dix agressions sexuelles et deux attentats \u00e0 la pudeur, qui auraient \u00e9t\u00e9 commis entre juin 2008 et novembre 2014 dans sa r\u00e9sidence officielle, au Parlement \u00e9cossais, un restaurant de Glasgow ou une bo\u00eete de nuit d\u2019Edimbourg. L\u2019ex-chef du gouvernement \u00e9cossais de 2007 \u00e0 2014 rejette vigoureusement ces accusations.<\/p>\n<p>D\u00e8s le premier jour du proc\u00e8s, une ancienne collaboratrice du gouvernement \u00e9cossais, qui ne peut \u00eatre identifi\u00e9e pour des raisons l\u00e9gales, a affirm\u00e9 avoir \u00e9t\u00e9 embrass\u00e9e de force et de mani\u00e8re r\u00e9p\u00e9t\u00e9e sur le visage et dans le cou par l\u2019ex-homme politique \u00e0 l\u2019imposante carrure, apr\u00e8s un d\u00eener avec d\u2019autres participants dans sa r\u00e9sidence de Bute House.<\/p>\n<p>\u2013 \u00ab\u00a0Humili\u00e9e\u00a0\u00bb \u2013<\/p>\n<p>\u00ab\u00a0J\u2019ai essay\u00e9 de l\u2019arr\u00eater\u00a0\u00bb, a-t-elle expliqu\u00e9, cach\u00e9e de la vue de l\u2019accus\u00e9 et du public par un panneau blanc. En vain. Quand elle essaye de quitter la pi\u00e8ce, il l\u2019en emp\u00eache. \u00ab\u00a0A ce moment, j\u2019ai commenc\u00e9 \u00e0 avoir peur\u00a0\u00bb. Elle finit par se d\u00e9gager, il la suit contre sa volont\u00e9.<\/p>\n<p>Peu apr\u00e8s \u00ab\u00a0il \u00e9tait totalement sur moi, m\u2019embrassant, arrachant mes v\u00eatements. Tout s\u2019est pass\u00e9 tr\u00e8s vite\u00a0\u00bb, a-t-elle poursuivi, la voix \u00e9mue. Lui-m\u00eame se d\u00e9shabille et la pousse sur un lit. \u00ab\u00a0Je me souviens le sentir sur moi. Il \u00e9tait excit\u00e9, ses parties intimes sur moi\u00a0\u00bb, d\u00e9taille-t-elle. Elle r\u00e9ussit finalement \u00e0 le repousser et il finit par s\u2019endormir.<\/p>\n<p>Aujourd\u2019hui, cette femme regrette de ne pas avoir appel\u00e9 \u00e0 l\u2019aide ou essay\u00e9 de se d\u00e9fendre davantage. \u00ab\u00a0J\u2019\u00e9tais si g\u00ean\u00e9e que cela m\u2019arrive, je me sentais humili\u00e9e, mais j\u2019avais aussi peur\u00a0\u00bb, a-t-elle poursuivi.<\/p>\n<p>Peu avant cette agression, en mai 2014, Alex Salmond l\u2019avait d\u00e9j\u00e0 touch\u00e9e de mani\u00e8re \u00ab\u00a0inappropri\u00e9e\u00a0\u00bb, a-t-elle dit: \u00ab\u00a0Il m\u2019a juste tripot\u00e9e, je n\u2019ai pas d\u2019autre mot\u00a0\u00bb.<\/p>\n<p>Encadr\u00e9 par deux gardes, v\u00eatu d\u2019un costume bleu fonc\u00e9, l\u2019accus\u00e9 de 65 ans a \u00e9cout\u00e9 ce premier t\u00e9moignage calmement, sans mot dire. Selon la version de ses avocats, il ne se trouvait pas dans sa r\u00e9sidence officielle lorsque les faits de mai 2014 se seraient d\u00e9roul\u00e9s.<\/p>\n<p>Dans des documents d\u00e9pos\u00e9s aupr\u00e8s de la cour, sa d\u00e9fense a aussi fait valoir que selon lui, trois autres des dix femmes qui l\u2019accusent avaient consenti aux tentatives de baisers ou aux caresses de leurs cheveux.<\/p>\n<p>\u2013 Combat pour l\u2019ind\u00e9pendance \u2013<\/p>\n<p>Quelques mois avant son inculpation, l\u2019ex-responsable politique au visage rond et \u00e0 l\u2019air bonhomme avait quitt\u00e9 en ao\u00fbt 2018 le SNP, parti nationaliste au pouvoir en \u00c9cosse, afin de ne pas porter pr\u00e9judice \u00e0 une formation dont il \u00e9tait membre de longue date.<\/p>\n<p>Reprenant le flambeau de la bataille ind\u00e9pendantiste, qui a gagn\u00e9 en vigueur depuis le Brexit, Nicola Sturgeon, la \u00ab\u00a0First Minister\u00a0\u00bb actuelle, avait alors exprim\u00e9 son \u00ab\u00a0\u00e9norme tristesse\u00a0\u00bb de voir partir son \u00ab\u00a0ami et mentor pendant trois d\u00e9cennies\u00a0\u00bb. Celle qui lui a succ\u00e9d\u00e9 \u00e0 la t\u00eate du gouvernement \u00e9cossais et du SNP avait ajout\u00e9 que les plaintes \u00e0 son encontre ne pouvaient pas \u00eatre \u00ab\u00a0mises sous le tapis\u00a0\u00bb.<\/p>\n<p>Apr\u00e8s une enqu\u00eate interne, c\u2019est le gouvernement \u00e9cossais qui avait rapport\u00e9 les accusations \u00e0 la police.<\/p>\n<p>Ancien fonctionnaire et \u00e9conomiste de la Bank of Scotland, mari\u00e9 \u00e0 une femme de 17 ans son a\u00een\u00e9e, Alex Salmond avait pris en 1990 les r\u00eanes du Scottish National Party, formation tr\u00e8s h\u00e9t\u00e9rog\u00e8ne qu\u2019il a contribu\u00e9 \u00e0 recentrer.<\/p>\n<p>Il en avait claqu\u00e9 la porte en 2000 apr\u00e8s un revers \u00e9lectoral, avant de revenir \u00e0 sa t\u00eate quatre ans plus tard.<\/p>\n<p>En 2011, sous sa direction, le SNP avait rafl\u00e9 la majorit\u00e9 absolue au Parlement \u00e9cossais de Holyrood, lui laissant esp\u00e9rer que l\u2019ind\u00e9pendance de l\u2019\u00c9cosse \u00e9tait \u00e0 port\u00e9e de main.<\/p>\n<p>Le \u00ab\u00a0non\u00a0\u00bb l\u2019avait finalement emport\u00e9 lors du r\u00e9f\u00e9rendum sur l\u2019ind\u00e9pendance de septembre 2014, provoquant quelques semaines plus tard la d\u00e9mission de M. Salmond de son poste de Premier ministre.<\/p>\n<p>Depuis sa retraite politique, Alex Salmond anime un talk show controvers\u00e9 sur la cha\u00eene de t\u00e9l\u00e9vision d\u2019information en anglais financ\u00e9e par l\u2019Etat russe RT (ex-Russia Today).<\/p>\n<\/div>\n<p>Auteur: AFP<br \/>\n<a href=\"https:\/\/www.journalducameroun.com\/juge-pour-agressions-sexuelles-lex-premier-ministre-ecossais-face-a-une-accusatrice\/\">Cliquez ici pour lire l&rsquo;article depuis sa source.<\/a><\/p>\n","protected":false},"excerpt":{"rendered":"<p>Publi\u00e9 le 09.03.2020 \u00e0 22h50 par AFP \u00ab\u00a0Il \u00e9tait totalement sur moi\u00a0\u00bb: l\u2019ex-Premier ministre ind\u00e9pendantiste \u00e9cossais Alex Salmond a \u00e9t\u00e9 confront\u00e9 \u00e0 l\u2019une de ses accusatrices lundi au premier jour de son proc\u00e8s pour agressions sexuelles devant la Haute cour d\u2019Edimbourg. Arriv\u00e9 au tribunal sans un mot, envelopp\u00e9 dans un manteau fonc\u00e9, l\u2019ex-t\u00e9nor de la [&hellip;]<\/p>\n","protected":false},"author":1965,"featured_media":0,"comment_status":"closed","ping_status":"closed","sticky":false,"template":"","format":"standard","meta":{"fifu_image_url":"","fifu_image_alt":"","footnotes":""},"categories":[73,82],"tags":[],"class_list":["post-78632","post","type-post","status-publish","format-standard","hentry","category-actualite","category-cameroun"],"_links":{"self":[{"href":"https:\/\/linitiative.ca\/International\/wp-json\/wp\/v2\/posts\/78632","targetHints":{"allow":["GET"]}}],"collection":[{"href":"https:\/\/linitiative.ca\/International\/wp-json\/wp\/v2\/posts"}],"about":[{"href":"https:\/\/linitiative.ca\/International\/wp-json\/wp\/v2\/types\/post"}],"author":[{"embeddable":true,"href":"https:\/\/linitiative.ca\/International\/wp-json\/wp\/v2\/users\/1965"}],"replies":[{"embeddable":true,"href":"https:\/\/linitiative.ca\/International\/wp-json\/wp\/v2\/comments?post=78632"}],"version-history":[{"count":0,"href":"https:\/\/linitiative.ca\/International\/wp-json\/wp\/v2\/posts\/78632\/revisions"}],"wp:attachment":[{"href":"https:\/\/linitiative.ca\/International\/wp-json\/wp\/v2\/media?parent=78632"}],"wp:term":[{"taxonomy":"category","embeddable":true,"href":"https:\/\/linitiative.ca\/International\/wp-json\/wp\/v2\/categories?post=78632"},{"taxonomy":"post_tag","embeddable":true,"href":"https:\/\/linitiative.ca\/International\/wp-json\/wp\/v2\/tags?post=78632"}],"curies":[{"name":"wp","href":"https:\/\/api.w.org\/{rel}","templated":true}]}}