{"id":78635,"date":"2020-03-09T18:15:09","date_gmt":"2020-03-09T22:15:09","guid":{"rendered":"https:\/\/linitiative.ca\/International\/ce-que-mahamat-tolli-a-ramene-de-washington\/"},"modified":"2020-03-09T18:15:09","modified_gmt":"2020-03-09T22:15:09","slug":"ce-que-mahamat-tolli-a-ramene-de-washington","status":"publish","type":"post","link":"https:\/\/linitiative.ca\/International\/ce-que-mahamat-tolli-a-ramene-de-washington\/","title":{"rendered":"Ce que Mahamat Tolli a ramen\u00e9 de Washington"},"content":{"rendered":"<p>Six semaines apr\u00e8s la visite effectu\u00e9e par le gouverneur de la Banque des Etats de l\u2019Afrique centrale (Beac) aupr\u00e8s de la Banque mondiale et du Fonds Mon\u00e9taire International (FMI), du 14 au 17 janvier 2020, l\u2019institution mon\u00e9taire a rendu publics les \u00e9changes qui ont eu lieu entre les diff\u00e9rentes parties, \u00e0 travers un communiqu\u00e9 publi\u00e9 sur son site internet le 6 mars.<\/p>\n<p>A Washington, apprend-on, Abbas Mahamat Tolli a tenu une r\u00e9union avec Kristalina Georgieva, directrice g\u00e9n\u00e9rale du FMI, au cours de laquelle les discussions ont eu lieu sur les perspectives de coop\u00e9ration bilat\u00e9rale et la soutenabilit\u00e9 macro\u00e9conomique des Etats de la Communaut\u00e9 \u00e9conomique et mon\u00e9taire de l\u2019Afrique centrale (Cemac).<\/p>\n<p>Les institutions constatent un r\u00e9tablissement progressif des grands \u00e9quilibrent macro\u00e9conomiques et la reconstitution graduelle des r\u00e9serves de change qui devraient ouvrir la voie \u00e0 une acc\u00e9l\u00e9ration des r\u00e9formes. \u00ab Ces performances demeurent encore fragiles \u00bb, mentionnent cependant le communiqu\u00e9. Raison pour laquelle les premiers responsables du FMI et de la Beac sont tomb\u00e9s d\u2019accord sur la n\u00e9cessit\u00e9 de concevoir un deuxi\u00e8me cycle de programmes qui donnent la priorit\u00e9 aux mesures et politiques visant la relance \u00e9conomique inclusive et g\u00e9n\u00e9ratrice d\u2019emplois.<\/p>\n<p><a href=\"https:\/\/ecomatin.net\/la-beac-fixe-les-sanctions-applicables-aux-bureaux-dinformation-sur-le-credit\/\">Lire aussi :La Beac fixe les sanctions applicables aux bureaux d\u2019information sur le cr\u00e9dit<\/a><\/p>\n<p>Lors des entretiens avec Ceyla Pazarbasiogu, vice-pr\u00e9sidente en charge de l\u2019innovation, et Diar\u00e9tou Gaye, vice-pr\u00e9sidente par int\u00e9rim du d\u00e9partement Afrique de la Banque mondiale, le gouverneur de la Beac a principalement parl\u00e9 de la n\u00e9cessit\u00e9 d\u2019approfondir les r\u00e9formes \u00e9conomiques et financi\u00e8res en Afrique centrale.<\/p>\n<p>Les entretiens ont \u00e9galement port\u00e9 sur l\u2019importance de renforcer l\u2019assistance technique et financi\u00e8re aux Etats et institutions de la Cemac. La sous-r\u00e9gion \u00e9tant \u00e0 une \u00e9tape charni\u00e8re dans la mise en \u0153uvre des r\u00e9formes, celles-ci devraient \u00eatre approfondies pour briser les freins \u00e0 la croissance et lutter efficacement contre la pauvret\u00e9.<\/p>\n<p>\u00ab En tout \u00e9tat de cause, la Banque mondiale est dispos\u00e9e \u00e0 apporter son soutien dans cette phase critique, plusieurs projets int\u00e9grateurs \u00e9tant d\u00e9j\u00e0 sur le canevas d\u2019intervention du groupe \u00bb, indique le Communiqu\u00e9 d\u2019Abbas Mahamat Tolli.<\/p>\n<div class=\"sharedaddy sd-sharing-enabled robots-nocontent sd-block sd-social sd-social-icon-text sd-sharing\">\n<h3 class=\"sd-title\">Partager\u00a0:<\/h3>\n<\/div>\n<p><h3 class=\"jp-relatedposts-headline\"><em>Articles similaires<\/em><\/h3>\n<\/p>\n<p>Auteur: Manuela Nomegne<br \/>\n<a href=\"https:\/\/ecomatin.net\/ce-que-mahamat-tolli-a-ramene-de-washington\/\">Cliquez ici pour lire l&rsquo;article depuis sa source.<\/a><\/p>\n","protected":false},"excerpt":{"rendered":"<p>Six semaines apr\u00e8s la visite effectu\u00e9e par le gouverneur de la Banque des Etats de l\u2019Afrique centrale (Beac) aupr\u00e8s de la Banque mondiale et du Fonds Mon\u00e9taire International (FMI), du 14 au 17 janvier 2020, l\u2019institution mon\u00e9taire a rendu publics les \u00e9changes qui ont eu lieu entre les diff\u00e9rentes parties, \u00e0 travers un communiqu\u00e9 publi\u00e9 [&hellip;]<\/p>\n","protected":false},"author":1969,"featured_media":0,"comment_status":"closed","ping_status":"closed","sticky":false,"template":"","format":"standard","meta":{"fifu_image_url":"","fifu_image_alt":"","footnotes":""},"categories":[82,78],"tags":[],"class_list":["post-78635","post","type-post","status-publish","format-standard","hentry","category-cameroun","category-economie"],"_links":{"self":[{"href":"https:\/\/linitiative.ca\/International\/wp-json\/wp\/v2\/posts\/78635","targetHints":{"allow":["GET"]}}],"collection":[{"href":"https:\/\/linitiative.ca\/International\/wp-json\/wp\/v2\/posts"}],"about":[{"href":"https:\/\/linitiative.ca\/International\/wp-json\/wp\/v2\/types\/post"}],"author":[{"embeddable":true,"href":"https:\/\/linitiative.ca\/International\/wp-json\/wp\/v2\/users\/1969"}],"replies":[{"embeddable":true,"href":"https:\/\/linitiative.ca\/International\/wp-json\/wp\/v2\/comments?post=78635"}],"version-history":[{"count":0,"href":"https:\/\/linitiative.ca\/International\/wp-json\/wp\/v2\/posts\/78635\/revisions"}],"wp:attachment":[{"href":"https:\/\/linitiative.ca\/International\/wp-json\/wp\/v2\/media?parent=78635"}],"wp:term":[{"taxonomy":"category","embeddable":true,"href":"https:\/\/linitiative.ca\/International\/wp-json\/wp\/v2\/categories?post=78635"},{"taxonomy":"post_tag","embeddable":true,"href":"https:\/\/linitiative.ca\/International\/wp-json\/wp\/v2\/tags?post=78635"}],"curies":[{"name":"wp","href":"https:\/\/api.w.org\/{rel}","templated":true}]}}