{"id":78637,"date":"2020-03-10T10:00:10","date_gmt":"2020-03-10T14:00:10","guid":{"rendered":"https:\/\/linitiative.ca\/International\/mounia-hajji-zaher-nous-cherchons-a-soutenir-lautonomisation-economique-des-femmes\/"},"modified":"2020-03-10T10:00:10","modified_gmt":"2020-03-10T14:00:10","slug":"mounia-hajji-zaher-nous-cherchons-a-soutenir-lautonomisation-economique-des-femmes","status":"publish","type":"post","link":"https:\/\/linitiative.ca\/International\/mounia-hajji-zaher-nous-cherchons-a-soutenir-lautonomisation-economique-des-femmes\/","title":{"rendered":"Mounia Hajji Zaher : \u00abNous cherchons \u00e0 soutenir l\u2019autonomisation \u00e9conomique  des femmes\u00bb"},"content":{"rendered":"<p><img decoding=\"async\" class=\"post_layout_5_img\" src=\"http:\/\/aujourdhui.ma\/wp-content\/uploads\/2020\/03\/Mounia-Hajji-Zaher.jpg?x29840\" alt=\"Mounia Hajji Zaher : &#xAB;Nous cherchons &#xE0; soutenir l&#x2019;autonomisation &#xE9;conomique des femmes&#xBB;\"\/><\/p>\n<p class=\"p1\"><span class=\"c4\"><strong>Entretien avec Mounia Hajji Zaher,\u00a0<span class=\"s1\">pr\u00e9sidente\u00a0<\/span><span class=\"s1\">de l\u2019Association\u00a0<\/span><span class=\"s1\">de l\u2019UNFM-<\/span><span class=\"s1\">B\u00e9ni Makada\u00a0<\/span><span class=\"s1\">\u00e0 Tanger<\/span><\/strong><\/span><span id=\"more-336119\"\/><\/p>\n<div class=\"base-box mom_box_sc_custom mom_box_sc clear c5\" readability=\"9\">\n<p class=\"p1\"><strong><em>Mounia Hajji Zaher a bien voulu dresser pour ALM le bilan de la Foire nationale des coop\u00e9ratives f\u00e9minines et des Tr\u00e8s petites entreprises, dont les travaux ont eu lieu du\u00a0<\/em><\/strong><strong><em>2 au 9 mars \u00e0 Tanger.<\/em><\/strong><\/p>\n<\/div>\n<p class=\"p1\"><span class=\"s1\"><strong>ALM : Quel est l\u2019objectif majeur de cet \u00e9v\u00e9nement ?<\/strong><\/span><\/p>\n<p class=\"p1\"><span class=\"s1\"><strong>Mounia Hajji Zaher :<\/strong> La Foire nationale se tient sous le th\u00e8me \u00abLa femme marocaine : de la vuln\u00e9rabilit\u00e9 \u00e0 l\u2019autonomisation\u00bb et avec le soutien de tous nos principaux partenaires concern\u00e9s. Cet \u00e9v\u00e9nement -qui s\u2019inscrit dans le cadre de la c\u00e9l\u00e9bration de la journ\u00e9e internationale de la femme- vient conform\u00e9ment aux Hautes orientations de SAR la Princesse Lalla Meryem, Pr\u00e9sidente de l\u2019Union nationale des femmes du Maroc (UNFM), visant \u00e0 promouvoir la condition de la femme. Elle constitue un lieu d\u2019\u00e9change de savoir-faire et d\u2019exp\u00e9riences, tout en mettant en avant le r\u00f4le des coop\u00e9ratives f\u00e9minines dans l\u2019\u00e9conomie sociale et solidaire.<\/span><\/p>\n<p class=\"p1\"><span class=\"s1\"><strong>Par quoi se distingue la participation de la r\u00e9gion de Tanger-T\u00e9touan-Al Hoceima \u00e0 cet \u00e9v\u00e9nement ?<\/strong><\/span><\/p>\n<p class=\"p1\"><span class=\"s1\">Cette foire a r\u00e9ussi \u00e0 r\u00e9unir 22 coop\u00e9ratives et des Tr\u00e8s petites entreprises (TPE) venues des diff\u00e9rentes r\u00e9gions du Royaume, dont celle de Tanger-T\u00e9touan-Al Hoceima est repr\u00e9sent\u00e9e avec pr\u00e8s d\u2019une quinzaine op\u00e9rant g\u00e9n\u00e9ralement dans les domaines du tissage, des produits du terroir, de la p\u00e2tisserie. Toutes Femmes participantes \u00e0 cette foire sont contentes de partager avec le public leur succ\u00e8s dans leurs diff\u00e9rents secteurs d\u2019activit\u00e9. Parmi lesquelles, les membres d\u2019une TPE de la r\u00e9gion du Nord qui ont pu r\u00e9ussir dans la fili\u00e8re du safran. Bien que la culture de cette plante soit connue principalement dans le Sud.<\/span><\/p>\n<p class=\"p1\"><span class=\"s1\"><strong>Quelles sont les activit\u00e9s organis\u00e9es au profit des participants \u00e0 cette foire ?<\/strong><\/span><\/p>\n<p class=\"p1\"><span class=\"s1\">Nous cherchons \u00e0 travers plusieurs activit\u00e9s, programm\u00e9es dans le cadre de cette foire, \u00e0 soutenir l\u2019autonomisation \u00e9conomique des femmes. Parmi lesquelles une s\u00e9rie d\u2019ateliers organis\u00e9s en partenariat notamment avec l\u2019Agence nationale de promotion de l\u2019emploi et des comp\u00e9tences (Anapec), Al Barid Bank, l\u2019Office national de s\u00e9curit\u00e9 sanitaire des produits alimentaires (ONSSA), la direction r\u00e9gionale de l\u2019Office national du conseil agricole (ONCA), l\u2019Office du d\u00e9veloppement des coop\u00e9ratives (ODECO) et l\u2019Agence de d\u00e9veloppement social (ADS). Ces ateliers sont destin\u00e9s aux participants, mais ils sont aussi ouverts au public. Le premier atelier, dont l\u2019encadrement a \u00e9t\u00e9 assur\u00e9 par un expert de l\u2019Anapec, visait \u00e0 d\u00e9finir les nouveaux m\u00e9canismes de financement des activit\u00e9s g\u00e9n\u00e9ratrices de revenus et des TPE. Le deuxi\u00e8me a \u00e9t\u00e9 organis\u00e9 en partenariat avec Al Barid Bank autour du financement destin\u00e9 \u00e0 l\u2019auto-entrepreneur. Le troisi\u00e8me atelier s\u2019est tenu en partenariat avec l\u2019ONSSA, et ce sur les lois relatives \u00e0 la s\u00e9curit\u00e9 sanitaire des produits alimentaires. Il s\u2019agit de trois autres ateliers, dont l\u2019encadrement est assur\u00e9 par nos partenaires, \u00e0 savoir l\u2019ONCA, l\u2019ODECO et l\u2019ADS. Toutes ces activit\u00e9s sont organis\u00e9es en rapport avec les objectifs principaux de l\u2019UNFM, qui est tr\u00e8s active dans la r\u00e9gion de Tanger-T\u00e9touan-Al Hoceima.<\/span><\/p>\n<p class=\"p1\"><span class=\"s1\"><strong>Etes-vous satisfaits des r\u00e9sultats de cet \u00e9v\u00e9nement qui touche \u00e0 sa fin ?<\/strong><\/span><\/p>\n<p class=\"p1\"><span class=\"s1\">La Foire nationale est, aux yeux de nos partenaires et du public, une r\u00e9ussite. Elle a r\u00e9ussi \u00e0 accueillir un grand nombre de visiteurs pendant cette semaine. Le public<span class=\"Apple-converted-space\">\u00a0<\/span> a \u00e9t\u00e9 impressionn\u00e9 par le savoir-faire et le sens de responsabilit\u00e9 des femmes participantes \u00e0 cette foire et comment elles ont pu ainsi atteindre leur objectif de gagner seules leurs vies et d\u2019\u00eatre capables de prendre en charge leurs familles respectives.<\/span><\/p>\n<p>Auteur: Najat Fa\u00efssal<br \/>\n<a href=\"http:\/\/aujourdhui.ma\/societe\/mounia-hajji-zaher-nous-cherchons-a-soutenir-lautonomisation-economique-des-femmes\">Cliquez ici pour lire l&rsquo;article depuis sa source.<\/a><\/p>\n","protected":false},"excerpt":{"rendered":"<p>Entretien avec Mounia Hajji Zaher,\u00a0pr\u00e9sidente\u00a0de l\u2019Association\u00a0de l\u2019UNFM-B\u00e9ni Makada\u00a0\u00e0 Tanger Mounia Hajji Zaher a bien voulu dresser pour ALM le bilan de la Foire nationale des coop\u00e9ratives f\u00e9minines et des Tr\u00e8s petites entreprises, dont les travaux ont eu lieu du\u00a02 au 9 mars \u00e0 Tanger. ALM : Quel est l\u2019objectif majeur de cet \u00e9v\u00e9nement ? Mounia [&hellip;]<\/p>\n","protected":false},"author":1759,"featured_media":0,"comment_status":"closed","ping_status":"closed","sticky":false,"template":"","format":"standard","meta":{"fifu_image_url":"","fifu_image_alt":"","footnotes":""},"categories":[73,54],"tags":[],"class_list":["post-78637","post","type-post","status-publish","format-standard","hentry","category-actualite","category-maroc"],"_links":{"self":[{"href":"https:\/\/linitiative.ca\/International\/wp-json\/wp\/v2\/posts\/78637","targetHints":{"allow":["GET"]}}],"collection":[{"href":"https:\/\/linitiative.ca\/International\/wp-json\/wp\/v2\/posts"}],"about":[{"href":"https:\/\/linitiative.ca\/International\/wp-json\/wp\/v2\/types\/post"}],"author":[{"embeddable":true,"href":"https:\/\/linitiative.ca\/International\/wp-json\/wp\/v2\/users\/1759"}],"replies":[{"embeddable":true,"href":"https:\/\/linitiative.ca\/International\/wp-json\/wp\/v2\/comments?post=78637"}],"version-history":[{"count":0,"href":"https:\/\/linitiative.ca\/International\/wp-json\/wp\/v2\/posts\/78637\/revisions"}],"wp:attachment":[{"href":"https:\/\/linitiative.ca\/International\/wp-json\/wp\/v2\/media?parent=78637"}],"wp:term":[{"taxonomy":"category","embeddable":true,"href":"https:\/\/linitiative.ca\/International\/wp-json\/wp\/v2\/categories?post=78637"},{"taxonomy":"post_tag","embeddable":true,"href":"https:\/\/linitiative.ca\/International\/wp-json\/wp\/v2\/tags?post=78637"}],"curies":[{"name":"wp","href":"https:\/\/api.w.org\/{rel}","templated":true}]}}