{"id":78638,"date":"2020-03-10T10:30:56","date_gmt":"2020-03-10T14:30:56","guid":{"rendered":"https:\/\/linitiative.ca\/International\/notre-monde-brule-au-palais-de-tokyo-des-artistes-marocains-posent-leurs-regards-engages-a-paris\/"},"modified":"2020-03-10T10:30:56","modified_gmt":"2020-03-10T14:30:56","slug":"notre-monde-brule-au-palais-de-tokyo-des-artistes-marocains-posent-leurs-regards-engages-a-paris","status":"publish","type":"post","link":"https:\/\/linitiative.ca\/International\/notre-monde-brule-au-palais-de-tokyo-des-artistes-marocains-posent-leurs-regards-engages-a-paris\/","title":{"rendered":"\u00abNotre monde br\u00fble\u00bb au Palais de Tokyo : Des artistes marocains posent  leurs regards engag\u00e9s \u00e0 Paris"},"content":{"rendered":"<header>\n<\/header>\n<div class=\"entry-content clearfix\" readability=\"68\"><img decoding=\"async\" class=\"post_layout_5_img\" src=\"http:\/\/aujourdhui.ma\/wp-content\/uploads\/2020\/03\/Notre-monde-bru\u0302le-Yto-Barrada-Khalil-El-Ghrib-Sara-Ouhaddou-Mustapha-Akrim-Younes-Rahmoun-Mounir-Fatmi.jpg?x29840\" alt=\"&#xAB;Notre monde br&#xFB;le&#xBB; au Palais de Tokyo : Des artistes marocains posent leurs regards engag&#xE9;s &#xE0; Paris\"\/><\/p>\n<p class=\"p2\"><span class=\"s1\"><span class=\"c4\"><strong>Des artistes contemporains marocains de renom d\u00e9voilent leurs regards au Palais de Tokyo \u00e0 Paris.<\/strong><\/span><\/span><span id=\"more-336129\"\/><\/p>\n<p class=\"p2\"><span class=\"s1\">C\u2019est \u00e0 l\u2019occasion de l\u2019exposition intitul\u00e9e \u00abNotre monde br\u00fble\u00bb, organis\u00e9e en partenariat avec le Mus\u00e9e Mathaf et qui se d\u00e9roule jusqu\u2019en mai 2020. Dirig\u00e9e par le Marocain Abdellah Karoum et co-commissari\u00e9e par Fabien Danesi, cette exposition qui r\u00e9unit une vingtaine d\u2019artistes issus du monde arabe dont six Marocains, propose un regard engag\u00e9 sur la cr\u00e9ation contemporaine depuis le golfe Persique o\u00f9 les guerres et les tensions diplomatiques n\u2019ont cess\u00e9 de d\u00e9terminer l\u2019histoire de ce d\u00e9but du XXIe si\u00e8cle.<\/span><\/p>\n<p class=\"p2\"><span class=\"s1\"><em>\u00abLe titre de l\u2019exposition sonne comme un constat alarmiste \u00e0 l\u2019heure des destructions de for\u00eats qui t\u00e9moignent dans le monde entier du r\u00e9chauffement climatique. Mais le feu \u00e9voque aussi de fa\u00e7on m\u00e9taphorique le formidable \u00e9lan d\u00e9mocratique qui traverse de nombreux pays du golfe Persique et d\u2019Afrique du Nord depuis les Printemps arabes. Entre les urgences environnementales et le d\u00e9sir de justice sociale, entre les n\u00e9cessaires changements anthropologiques \u00e0 venir et la d\u00e9multiplication des r\u00e9cits historiques postcoloniaux, l\u2019exposition pose la question de l\u2019engagement artistique\u00bb,<\/em> peut-on lire dans le catalogue de l\u2019exposition.<\/span><\/p>\n<p class=\"p2\"><span class=\"s1\">Il faut dire que \u00abNotre Monde br\u00fble\u00bb associe r\u00e9flexion politique et exp\u00e9rience po\u00e9tique. Elle pr\u00e9sente, selon les organisateurs, un maillage complexe d\u2019\u00e9v\u00e8nements auxquels les \u0153uvres d\u2019art se r\u00e9f\u00e8rent tout en offrant de multiples \u00e9chapp\u00e9es po\u00e9tiques. A cet effet, le public d\u00e9couvre l\u2019\u0153uvre de Sara Ouhaddou. Cette artiste d\u2019origine berb\u00e8re tisse des liens entre les traditions artisanales des pays arabes et le champ de l\u2019art contemporain.<\/span><\/p>\n<p class=\"p2\"><span class=\"s1\">Elle pr\u00e9sente \u00e0 travers son \u0153uvre un vitrail sur lequel une nouvelle calligraphie traduite des po\u00e8mes de femmes berb\u00e8res. \u00abNotre monde br\u00fble\u00bb donne \u00e0 voir \u00e9galement l\u2019\u0153uvre de Mustapha Akrim. Cet artiste qui explore notre relation au monde et \u00e0 l\u2019histoire fait usage du b\u00e9ton pour \u00e9crire le mot \u00abdroit\u00bb en langue arabe, b\u00e2tissant les fondations sur lesquelles devrait reposer tout Etat.<\/span><\/p>\n<p class=\"p2\"><span class=\"s1\">L\u2019exposition donne \u00e0 distinguer l\u2019installation de Youn\u00e8s Rahmoun dont le souffle vient donner forme \u00e0 des sacs en plastique quelconques. Le public aper\u00e7oit en effet les \u0153uvres de Mounir Ftami et Yto Berrada. Ainsi, le premier pr\u00e9sente une installation compos\u00e9e des c\u00e2bles qui font des n\u0153uds alors que la deuxi\u00e8me artiste d\u00e9voile \u00abThe Power of Two or Three Suns\u00bb. Il s\u2019agit d\u2019une \u0153uvre qui convertit la puissance de lampes au x\u00e9non utilis\u00e9es dans l\u2019industrie des textiles pour cr\u00e9er une nouvelle machine \u00e0 r\u00eave.<\/span><\/p>\n<\/div>\n<p>Auteur: Siham Jadraoui<br \/>\n<a href=\"http:\/\/aujourdhui.ma\/culture\/notre-monde-brule-au-palais-de-tokyo-des-artistes-marocains-posent-leurs-regards-engages-a-paris\">Cliquez ici pour lire l&rsquo;article depuis sa source.<\/a><\/p>\n","protected":false},"excerpt":{"rendered":"<p>Des artistes contemporains marocains de renom d\u00e9voilent leurs regards au Palais de Tokyo \u00e0 Paris. C\u2019est \u00e0 l\u2019occasion de l\u2019exposition intitul\u00e9e \u00abNotre monde br\u00fble\u00bb, organis\u00e9e en partenariat avec le Mus\u00e9e Mathaf et qui se d\u00e9roule jusqu\u2019en mai 2020. Dirig\u00e9e par le Marocain Abdellah Karoum et co-commissari\u00e9e par Fabien Danesi, cette exposition qui r\u00e9unit une vingtaine [&hellip;]<\/p>\n","protected":false},"author":1759,"featured_media":0,"comment_status":"closed","ping_status":"closed","sticky":false,"template":"","format":"standard","meta":{"fifu_image_url":"","fifu_image_alt":"","footnotes":""},"categories":[73,54],"tags":[],"class_list":["post-78638","post","type-post","status-publish","format-standard","hentry","category-actualite","category-maroc"],"_links":{"self":[{"href":"https:\/\/linitiative.ca\/International\/wp-json\/wp\/v2\/posts\/78638","targetHints":{"allow":["GET"]}}],"collection":[{"href":"https:\/\/linitiative.ca\/International\/wp-json\/wp\/v2\/posts"}],"about":[{"href":"https:\/\/linitiative.ca\/International\/wp-json\/wp\/v2\/types\/post"}],"author":[{"embeddable":true,"href":"https:\/\/linitiative.ca\/International\/wp-json\/wp\/v2\/users\/1759"}],"replies":[{"embeddable":true,"href":"https:\/\/linitiative.ca\/International\/wp-json\/wp\/v2\/comments?post=78638"}],"version-history":[{"count":0,"href":"https:\/\/linitiative.ca\/International\/wp-json\/wp\/v2\/posts\/78638\/revisions"}],"wp:attachment":[{"href":"https:\/\/linitiative.ca\/International\/wp-json\/wp\/v2\/media?parent=78638"}],"wp:term":[{"taxonomy":"category","embeddable":true,"href":"https:\/\/linitiative.ca\/International\/wp-json\/wp\/v2\/categories?post=78638"},{"taxonomy":"post_tag","embeddable":true,"href":"https:\/\/linitiative.ca\/International\/wp-json\/wp\/v2\/tags?post=78638"}],"curies":[{"name":"wp","href":"https:\/\/api.w.org\/{rel}","templated":true}]}}