{"id":78640,"date":"2020-03-10T10:58:29","date_gmt":"2020-03-10T14:58:29","guid":{"rendered":"https:\/\/linitiative.ca\/International\/apres-casablanca-marrakech-touchee-par-le-virus-le-coronavirus-fait-un-premier-mort-au-maroc\/"},"modified":"2020-03-10T10:58:29","modified_gmt":"2020-03-10T14:58:29","slug":"apres-casablanca-marrakech-touchee-par-le-virus-le-coronavirus-fait-un-premier-mort-au-maroc","status":"publish","type":"post","link":"https:\/\/linitiative.ca\/International\/apres-casablanca-marrakech-touchee-par-le-virus-le-coronavirus-fait-un-premier-mort-au-maroc\/","title":{"rendered":"Apr\u00e8s Casablanca, Marrakech touch\u00e9e par le virus : Le coronavirus  fait un premier mort au Maroc"},"content":{"rendered":"<p><img decoding=\"async\" class=\"post_layout_5_img\" src=\"http:\/\/aujourdhui.ma\/wp-content\/uploads\/2020\/03\/Aeroport-Casablanca-coronavirus.jpg?x29840\" alt=\"Apr&#xE8;s Casablanca, Marrakech touch&#xE9;e par le virus : Le coronavirus fait un premier mort au Maroc\"\/><\/p>\n<p class=\"p1\"><span class=\"c4\"><strong><span class=\"s1\"><em>Cette octog\u00e9naire qui est d\u00e9c\u00e9d\u00e9e mardi \u00e0 12h45 \u00e0 Casablanca souffrait de maladies chroniques au niveau du syst\u00e8me respiratoire et du syst\u00e8me cardio-vasculaire ainsi que d\u2019autres maladies.<\/em><\/span><\/strong><\/span><span id=\"more-336213\"\/><\/p>\n<p class=\"p1\"><span class=\"s1\">Le Maroc a enregistr\u00e9 mardi son premier d\u00e9c\u00e8s li\u00e9 au Covid-19. Il s\u2019agit de la dame \u00e2g\u00e9e de 89 ans qui \u00e9tait rentr\u00e9e d\u2019Italie. Cette octog\u00e9naire qui est d\u00e9c\u00e9d\u00e9e mardi \u00e0 12h45 \u00e0 Casablanca souffrait de maladies chroniques au niveau du syst\u00e8me respiratoire et du syst\u00e8me cardio-vasculaire ainsi que d\u2019autres maladies, a affirm\u00e9 le minist\u00e8re de la sant\u00e9. Elle n\u2019a pas pu \u00eatre sauv\u00e9e en d\u00e9pit de l\u2019intervention d\u2019un staff m\u00e9dical compos\u00e9 de m\u00e9decins sp\u00e9cialis\u00e9s en maladies \u00e9pid\u00e9miologiques, virologiques et en r\u00e9animation entre autres. Son \u00e9tat de sant\u00e9 avait \u00e9t\u00e9 jug\u00e9 critique en raison de son \u00e2ge avanc\u00e9 et par le fait qu\u2019elle souffrait de maladies chroniques. Signalons par ailleurs que dans la nuit du lundi au mardi un troisi\u00e8me cas de coronavirus a \u00e9t\u00e9 enregistr\u00e9 \u00e0 Marrakech. Selon le minist\u00e8re de la sant\u00e9, il s\u2019agit d\u2019un touriste fran\u00e7ais arriv\u00e9 le samedi 7 mars dans la ville ocre. Le patient qui pr\u00e9sentait, dimanche 8 mars, des sympt\u00f4mes respiratoires s\u2019est rendu \u00e0 l\u2019h\u00f4pital.<\/span><\/p>\n<p class=\"p1\"><span class=\"s1\">Des analyses au laboratoire de l\u2019Institut Pasteur-Maroc ont confirm\u00e9 l\u2019infection au Covid-19. Le minist\u00e8re de la sant\u00e9 rassure l\u2019opinion publique en pr\u00e9cisant que l\u2019\u00e9tat de sant\u00e9 de la personne infect\u00e9e ne suscite pas d\u2019inqui\u00e9tudes. Le patient est actuellement sous assistance m\u00e9dicale dans un h\u00f4pital \u00e0 Marrakech o\u00f9 il est pris en charge conform\u00e9ment aux mesures sanitaires en vigueur. Selon le dernier bulletin de veille sanitaire \u00e0 la date du mardi 10 mars \u00e0 9h, le nombre de cas suspects a grimp\u00e9 \u00e0 66. Ainsi, 63 cas ont \u00e9t\u00e9 test\u00e9s n\u00e9gatifs alors que 3 cas ont \u00e9t\u00e9 confirm\u00e9s positifs au Covid-19. Le Maroc se trouve toujours dans la premi\u00e8re phase de son plan de veille et de riposte au Covid-19. En effet, le plan national de vigilance et de riposte contre le Covid 19, a \u00e9tabli trois sc\u00e9narios. Le premier est bas\u00e9 sur l\u2019existence de cas venant des pays o\u00f9 le virus s\u2019est propag\u00e9. Les estimations retiennent 200 cas suspects et 50 cas confirm\u00e9s. Dans cette situation, il s\u2019agit d\u2019identifier rapidement les cas et d\u2019\u00e9viter que le virus ne se propage. Le second sc\u00e9nario pr\u00e9voit un nombre important de cas, avec des situations de clusters.<\/span><\/p>\n<p class=\"p1\"><span class=\"s1\">Les estimations retiennent 2.000 cas suspects et 500 cas confirm\u00e9s. A ce stade, il s\u2019agit de contenir le virus et r\u00e9duire le nombre de d\u00e9c\u00e8s. Quant au troisi\u00e8me sc\u00e9nario qui est de loin le plus inqui\u00e9tant, celui-ci est est activ\u00e9 en cas d\u2019\u00e9pid\u00e9mie c\u2019est-\u00e0-dire que le virus circule sur tout le territoire avec une estimation de 10.000 cas confirm\u00e9s. Dans ce cas pr\u00e9cis, l\u2019objectif est d\u2019\u00eatre en mesure de contr\u00f4ler l\u2019\u00e9pid\u00e9mie, garantir la continuit\u00e9 des services sanitaires et r\u00e9duire le nombre des d\u00e9c\u00e8s. Rappelons que selon les donn\u00e9es du ministre de la sant\u00e9, le Maroc dispose d\u2019un total de 670 lits en chambres d\u2019isolement qui sont \u00e0 la disposition du personnel soignant dans les principaux h\u00f4pitaux du Maroc.<\/span><\/p>\n<p class=\"p3\"><span class=\"s1 c5\"><strong>La RAM suspend ses vols vers l\u2019Italie<\/strong><\/span><\/p>\n<p><a href=\"http:\/\/aujourdhui.ma\/wp-content\/uploads\/2020\/03\/Hopital-Coronavirus.jpg?x29840\"><img loading=\"lazy\" decoding=\"async\" class=\"size-full wp-image-336217 aligncenter\" src=\"http:\/\/aujourdhui.ma\/wp-content\/uploads\/2020\/03\/Hopital-Coronavirus.jpg?x29840\" alt=\"\" width=\"746\" height=\"380\" srcset=\"http:\/\/aujourdhui.ma\/wp-content\/uploads\/2020\/03\/Hopital-Coronavirus.jpg 746w, http:\/\/aujourdhui.ma\/wp-content\/uploads\/2020\/03\/Hopital-Coronavirus-300x153.jpg 300w\" sizes=\"auto, (max-width: 746px) 100vw, 746px\"\/><\/a><\/p>\n<p class=\"p1\"><span class=\"s1\">Par ailleurs, suite \u00e0 la propagation du virus en Italie qui est d\u00e9sormais le deuxi\u00e8me pays le plus touch\u00e9 au monde avec plus de 9.000 cas et 463 morts, la compagnie nationale Royal Air Maroc a suspendu depuis mardi ses vols de et vers l\u2019Italie. La RAM a mis en place un dispositif sp\u00e9cial pour accompagner ses clients dans la gestion de leurs d\u00e9placements suite \u00e0 ces changements. Les clients pourront reporter leur voyage \u00e0 une date ult\u00e9rieure, sans frais ou annuler leur voyage au plus tard 72 heures avant le d\u00e9part du vol, en \u00e9change d\u2019un avoir de la m\u00eame valeur du billet, valable six mois et \u00e0 consommer exclusivement sur les vols de la compagnie.<\/span><\/p>\n<p class=\"p1\"><span class=\"s1\">Pour toute information compl\u00e9mentaire, la RAM invite ses clients \u00e0 se renseigner sur ces dispositions commerciales aux num\u00e9ros suivants : -Maroc: 089000 0800 et -Num\u00e9ro international : +212522489797. Depuis l\u2019apparition du nouveau coronavirus en d\u00e9cembre dernier, 114.151 cas d\u2019infection ont \u00e9t\u00e9 recens\u00e9s dans 105 pays et territoires, causant la mort de 4.012 personnes, selon un bilan \u00e9tabli par l\u2019AFP mardi \u00e0 9h00 GMT.<\/span><\/p>\n<p class=\"p1\"><span class=\"s1\">Soixante millions d\u2019Italiens sont pri\u00e9s de rester chez eux depuis mardi en vertu d\u2019un d\u00e9cret du gouvernement. L\u2019Italie devient ainsi le premier pays de la plan\u00e8te \u00e0 \u00eatre en quarantaine.<\/span><\/p>\n<div class=\"base-box mom_box_sc_custom mom_box_sc clear c7\" readability=\"38\">\n<p class=\"p1\"><strong><span class=\"c6\"><span class=\"s1\">L\u2019OMS estime que la menace d\u2019une pand\u00e9mie\u00a0<\/span><span class=\"s1\">est \u00abtr\u00e8s r\u00e9elle\u00bb\u00a0<\/span><\/span><\/strong><\/p>\n<p class=\"p1\"><span class=\"s1\"><a href=\"http:\/\/aujourdhui.ma\/wp-content\/uploads\/2020\/03\/Ambulance-Coronavirus.jpg?x29840\"><img loading=\"lazy\" decoding=\"async\" class=\"wp-image-336216 alignleft\" src=\"http:\/\/aujourdhui.ma\/wp-content\/uploads\/2020\/03\/Ambulance-Coronavirus.jpg?x29840\" alt=\"\" width=\"409\" height=\"208\" srcset=\"http:\/\/aujourdhui.ma\/wp-content\/uploads\/2020\/03\/Ambulance-Coronavirus.jpg 746w, http:\/\/aujourdhui.ma\/wp-content\/uploads\/2020\/03\/Ambulance-Coronavirus-300x153.jpg 300w\" sizes=\"auto, (max-width: 409px) 100vw, 409px\"\/><\/a>Alors que le coronavirus continue de se propager dans le monde, la menace d\u2019une pand\u00e9mie du Covid-19 est devenue \u00abtr\u00e8s r\u00e9elle\u00bb, a averti lundi l\u2019Organisation mondiale de la sant\u00e9 (OMS).<\/span><\/p>\n<p class=\"p1\"><span class=\"s1\">Le directeur g\u00e9n\u00e9ral de l\u2019OMS, Tedros Adhanom Ghebreyesus, a indiqu\u00e9 lors d\u2019une conf\u00e9rence de presse \u00e0 Gen\u00e8ve <em>\u00abMaintenant que le coronavirus a pris pied dans de nombreux pays, la menace d\u2019une pand\u00e9mie est devenue tr\u00e8s r\u00e9elle\u00bb<\/em>. Il s\u2019est toutefois montr\u00e9 rassurant, indiquant que <em>\u00abce serait la premi\u00e8re pand\u00e9mie de l\u2019histoire qui pourrait \u00eatre contr\u00f4l\u00e9e\u00bb<\/em>. <em>\u00abNous ne sommes pas \u00e0 la merci du virus\u00bb<\/em>, car <em>\u00ables d\u00e9cisions que nous prenons tous peuvent influencer la trajectoire\u00bb<\/em> de l\u2019\u00e9pid\u00e9mie, a-t-il affirm\u00e9.<\/span><\/p>\n<p class=\"p1\"><span class=\"s1\"><em>\u00abM\u00eame si nous appelons cela une pand\u00e9mie, nous pouvons encore la contr\u00f4ler\u00bb<\/em>, a-t-il r\u00e9p\u00e9t\u00e9. <em>\u00abNous devons nous rappeler qu\u2019avec des actions rapides et d\u00e9cisives, nous pouvons ralentir le coronavirus et emp\u00eacher de nouvelles infections\u00bb<\/em>, a-t-il insist\u00e9. Le directeur g\u00e9n\u00e9ral de l\u2019OMS a lanc\u00e9 un autre message d\u2019espoir en indiquant que \u00abla plupart\u00bb des personnes infect\u00e9es vont gu\u00e9rir. Ainsi, sur les 80.000 cas rapport\u00e9s en Chine, berceau de l\u2019\u00e9pid\u00e9mie, <em>\u00abplus de 70% ont gu\u00e9ri\u00bb<\/em>, a-t-il pr\u00e9cis\u00e9. Il a \u00e9galement appel\u00e9 les pays \u00e0 ne pas baisser les bras face au coronavirus sous pr\u00e9texte qu\u2019il touche surtout les personnes \u00e2g\u00e9es, jugeant que ce serait suivre la voie de la \u00abd\u00e9cadence morale\u00bb. <em>\u00abTout \u00eatre humain compte\u00bb<\/em>, a-t-il dit.<\/span><\/p>\n<\/div>\n<p>Auteur: Laila Zerrour<br \/>\n<a href=\"http:\/\/aujourdhui.ma\/societe\/apres-casablanca-marrakech-touchee-par-le-virus-le-coronavirus-fait-un-premier-mort-au-maroc\">Cliquez ici pour lire l&rsquo;article depuis sa source.<\/a><\/p>\n","protected":false},"excerpt":{"rendered":"<p>Cette octog\u00e9naire qui est d\u00e9c\u00e9d\u00e9e mardi \u00e0 12h45 \u00e0 Casablanca souffrait de maladies chroniques au niveau du syst\u00e8me respiratoire et du syst\u00e8me cardio-vasculaire ainsi que d\u2019autres maladies. Le Maroc a enregistr\u00e9 mardi son premier d\u00e9c\u00e8s li\u00e9 au Covid-19. Il s\u2019agit de la dame \u00e2g\u00e9e de 89 ans qui \u00e9tait rentr\u00e9e d\u2019Italie. Cette octog\u00e9naire qui est [&hellip;]<\/p>\n","protected":false},"author":1759,"featured_media":0,"comment_status":"closed","ping_status":"closed","sticky":false,"template":"","format":"standard","meta":{"fifu_image_url":"","fifu_image_alt":"","footnotes":""},"categories":[73,54],"tags":[],"class_list":["post-78640","post","type-post","status-publish","format-standard","hentry","category-actualite","category-maroc"],"_links":{"self":[{"href":"https:\/\/linitiative.ca\/International\/wp-json\/wp\/v2\/posts\/78640","targetHints":{"allow":["GET"]}}],"collection":[{"href":"https:\/\/linitiative.ca\/International\/wp-json\/wp\/v2\/posts"}],"about":[{"href":"https:\/\/linitiative.ca\/International\/wp-json\/wp\/v2\/types\/post"}],"author":[{"embeddable":true,"href":"https:\/\/linitiative.ca\/International\/wp-json\/wp\/v2\/users\/1759"}],"replies":[{"embeddable":true,"href":"https:\/\/linitiative.ca\/International\/wp-json\/wp\/v2\/comments?post=78640"}],"version-history":[{"count":0,"href":"https:\/\/linitiative.ca\/International\/wp-json\/wp\/v2\/posts\/78640\/revisions"}],"wp:attachment":[{"href":"https:\/\/linitiative.ca\/International\/wp-json\/wp\/v2\/media?parent=78640"}],"wp:term":[{"taxonomy":"category","embeddable":true,"href":"https:\/\/linitiative.ca\/International\/wp-json\/wp\/v2\/categories?post=78640"},{"taxonomy":"post_tag","embeddable":true,"href":"https:\/\/linitiative.ca\/International\/wp-json\/wp\/v2\/tags?post=78640"}],"curies":[{"name":"wp","href":"https:\/\/api.w.org\/{rel}","templated":true}]}}