{"id":78643,"date":"2020-03-10T10:02:00","date_gmt":"2020-03-10T14:02:00","guid":{"rendered":"https:\/\/linitiative.ca\/International\/samir-belarbi-retourne-en-prison\/"},"modified":"2020-03-10T10:02:00","modified_gmt":"2020-03-10T14:02:00","slug":"samir-belarbi-retourne-en-prison","status":"publish","type":"post","link":"https:\/\/linitiative.ca\/International\/samir-belarbi-retourne-en-prison\/","title":{"rendered":"Samir Belarbi retourne en prison"},"content":{"rendered":"<div id=\"originalText\" readability=\"41\">\n<p>Les militants Slimane Hamitouche et Samir Belarbi ont \u00e9t\u00e9 plac\u00e9s ce mardi sous mandat de d\u00e9p\u00f4t, alors que le journaliste Khaled Drareni a \u00e9t\u00e9 lib\u00e9r\u00e9 et mis sous contr\u00f4le judiciaire par le juge d&rsquo;instruction pr\u00e8s le tribunal de Sidi M\u2019hamed. Quant \u00e0 l\u2019ex-policier Toufik Hassani, il est pr\u00e9sent\u00e9 en citation directe devant le m\u00eame tribunal.<\/p>\n<p>Pour rappel, les quatre concern\u00e9s ont \u00e9t\u00e9 maintenus en garde \u00e0 vue pendant trois jours au commissariat de police la rue Asselah Hocine (Cavaignac).<\/p>\n<p class=\"c6\"><strong>R\u00e9daction Web<\/strong><\/p>\n<\/div>\n<div id=\"text_core\" readability=\"41\">\n<p>Les militants Slimane Hamitouche et Samir Belarbi ont \u00e9t\u00e9 plac\u00e9s ce mardi sous mandat de d\u00e9p\u00f4t, alors que le journaliste Khaled Drareni a \u00e9t\u00e9 lib\u00e9r\u00e9 et mis sous contr\u00f4le judiciaire par le juge d&rsquo;instruction pr\u00e8s le tribunal de Sidi M\u2019hamed. Quant \u00e0 l\u2019ex-policier Toufik Hassani, il est pr\u00e9sent\u00e9 en citation directe devant le m\u00eame tribunal.<\/p>\n<p>Pour rappel, les quatre concern\u00e9s ont \u00e9t\u00e9 maintenus en garde \u00e0 vue pendant trois jours au commissariat de police la rue Asselah Hocine (Cavaignac).<\/p>\n<p class=\"c6\"><strong>R\u00e9daction Web<\/strong><\/p>\n<\/div>\n<p>Auteur:<br \/>\n<a href=\"https:\/\/www.liberte-algerie.com\/actualite\/samir-belarbi-retourne-en-prison-335574\">Cliquez ici pour lire l&rsquo;article depuis sa source.<\/a><\/p>\n","protected":false},"excerpt":{"rendered":"<p>Les militants Slimane Hamitouche et Samir Belarbi ont \u00e9t\u00e9 plac\u00e9s ce mardi sous mandat de d\u00e9p\u00f4t, alors que le journaliste Khaled Drareni a \u00e9t\u00e9 lib\u00e9r\u00e9 et mis sous contr\u00f4le judiciaire par le juge d&rsquo;instruction pr\u00e8s le tribunal de Sidi M\u2019hamed. Quant \u00e0 l\u2019ex-policier Toufik Hassani, il est pr\u00e9sent\u00e9 en citation directe devant le m\u00eame tribunal. [&hellip;]<\/p>\n","protected":false},"author":1742,"featured_media":0,"comment_status":"closed","ping_status":"closed","sticky":false,"template":"","format":"standard","meta":{"fifu_image_url":"","fifu_image_alt":"","footnotes":""},"categories":[73,53],"tags":[],"class_list":["post-78643","post","type-post","status-publish","format-standard","hentry","category-actualite","category-algerie"],"_links":{"self":[{"href":"https:\/\/linitiative.ca\/International\/wp-json\/wp\/v2\/posts\/78643","targetHints":{"allow":["GET"]}}],"collection":[{"href":"https:\/\/linitiative.ca\/International\/wp-json\/wp\/v2\/posts"}],"about":[{"href":"https:\/\/linitiative.ca\/International\/wp-json\/wp\/v2\/types\/post"}],"author":[{"embeddable":true,"href":"https:\/\/linitiative.ca\/International\/wp-json\/wp\/v2\/users\/1742"}],"replies":[{"embeddable":true,"href":"https:\/\/linitiative.ca\/International\/wp-json\/wp\/v2\/comments?post=78643"}],"version-history":[{"count":0,"href":"https:\/\/linitiative.ca\/International\/wp-json\/wp\/v2\/posts\/78643\/revisions"}],"wp:attachment":[{"href":"https:\/\/linitiative.ca\/International\/wp-json\/wp\/v2\/media?parent=78643"}],"wp:term":[{"taxonomy":"category","embeddable":true,"href":"https:\/\/linitiative.ca\/International\/wp-json\/wp\/v2\/categories?post=78643"},{"taxonomy":"post_tag","embeddable":true,"href":"https:\/\/linitiative.ca\/International\/wp-json\/wp\/v2\/tags?post=78643"}],"curies":[{"name":"wp","href":"https:\/\/api.w.org\/{rel}","templated":true}]}}