{"id":78645,"date":"2020-03-09T15:19:28","date_gmt":"2020-03-09T19:19:28","guid":{"rendered":"https:\/\/linitiative.ca\/International\/presentation-de-louvrage-lexique-des-femmes-celebres-du-maroc\/"},"modified":"2020-03-09T15:19:28","modified_gmt":"2020-03-09T19:19:28","slug":"presentation-de-louvrage-lexique-des-femmes-celebres-du-maroc","status":"publish","type":"post","link":"https:\/\/linitiative.ca\/International\/presentation-de-louvrage-lexique-des-femmes-celebres-du-maroc\/","title":{"rendered":"Pr\u00e9sentation de l\u2019ouvrage \u00ab\u00a0Lexique des femmes c\u00e9l\u00e8bres du Maroc\u00a0\u00bb"},"content":{"rendered":"<div readability=\"37\">\n<p>Marrakech- L\u2019auteure Zahra Najia Zahraoui a pr\u00e9sent\u00e9, le week-end dernier \u00e0 Marrakech, son dernier ouvrage intitul\u00e9 : \u00ab\u00a0Lexique des femmes c\u00e9l\u00e8bres du Maroc\u00a0\u00bb et ce, lors d\u2019une rencontre organis\u00e9e \u00e0 l\u2019occasion de la c\u00e9l\u00e9bration de la Journ\u00e9e mondiale de la femme.<\/p>\n<\/div>\n<div readability=\"90\">\n<p>Cet ouvrage met \u00e0 la disposition du lecteur la biographie de 375 femmes ayant marqu\u00e9, de leur empreinte, l\u2019histoire du Maroc depuis le 2\u00e8 si\u00e8cle de l\u2019H\u00e9gire jusqu\u2019\u00e0 2008, a expliqu\u00e9 Mme Zahraoui lors de cette rencontre initi\u00e9e par le Centre de D\u00e9veloppement de la R\u00e9gion du Tensift (CDRT).<\/p>\n<p>Ce livre, a-t-elle poursuivi, illustre de mani\u00e8re claire la sp\u00e9cificit\u00e9 culturelle marocaine dans sa version f\u00e9minine en g\u00e9n\u00e9ral, ainsi que celle de chaque r\u00e9gion du Royaume, faisant savoir que les femmes cit\u00e9es dans cet opus appartiennent aux diff\u00e9rentes classes sociales et r\u00e9gions du Maroc.<\/p>\n<p>Ces femmes ont excell\u00e9 dans diff\u00e9rents domaines, tels que le soufisme, la science, la r\u00e9sistance, la bienfaisance, la litt\u00e9rature et l\u2019art entre autres, tient \u00e0 pr\u00e9ciser Mme Zahraoui, soulignant que dans cet ouvrage, les biographies sont class\u00e9es selon un ordre alphab\u00e9tique.<\/p>\n<p>Mme Najia Zahraoui a, en outre, indiqu\u00e9 que chaque biographie renvoie \u00e0 une s\u00e9rie de sources et de r\u00e9f\u00e9rences, notant que la conclusion de l\u2019ouvrage comporte une infographie illustrant les sp\u00e9cialit\u00e9s des diff\u00e9rentes femmes r\u00e9pertori\u00e9es dans ce livre.<\/p>\n<p>Fille du Savant Feu Hassan Zahraoui qui \u00e9tait membre du conseil provincial des Oul\u00e9mas de\u00a0Marrakech, Mme Zahra Najia Zahraoui a travaill\u00e9 d\u2019abord en tant qu\u2019enseignante au lyc\u00e9e Abou Al Abbas Sebti dans la cit\u00e9 ocre, avant d\u2019occuper, ensuite, le poste de formatrice au Centre P\u00e9dagogique R\u00e9gionale \u00e0\u00a0Marrakech\u00a0de la Didactique de l\u2019Education Islamique jusqu\u2019en 2005.<\/p>\n<p>Actuellement, elle est membre du Conseil local des Oul\u00e9mas de\u00a0Marrakech\u00a0et coordinatrice de la Cellule des affaires de la femme et des questions de la famille au sein de ce Conseil.<\/p>\n<p>Elle est \u00e9galement membre du Conseil Sup\u00e9rieur de la Fondation Mohammed VI des Oul\u00e9mas africains depuis 2016 et membre du Comit\u00e9 national charg\u00e9 des femmes victimes de violence depuis sa cr\u00e9ation en 2018.<\/p>\n<p>Pr. Zahra Najia Zahraoui avait anim\u00e9 en 2014 une causerie religieuse pr\u00e9sid\u00e9e par Sa Majest\u00e9 le Roi Mohammed VI, Amir Al Mouminine, sous le th\u00e8me \u00ab\u00a0la contribution de la femme \u00e0 l\u2019\u00e9dification de la personnalit\u00e9 marocaine\u00a0\u00bb, rappelle-t-on.<\/p>\n<\/div>\n<p>Auteur: Mohammed KOURSI<br \/>\n<a href=\"http:\/\/www.mapmarrakech.ma\/fr\/presentation-de-louvrage-lexique-des-femmes-celebres-du-maroc\/\">Cliquez ici pour lire l&rsquo;article depuis sa source.<\/a><\/p>\n","protected":false},"excerpt":{"rendered":"<p>Marrakech- L\u2019auteure Zahra Najia Zahraoui a pr\u00e9sent\u00e9, le week-end dernier \u00e0 Marrakech, son dernier ouvrage intitul\u00e9 : \u00ab\u00a0Lexique des femmes c\u00e9l\u00e8bres du Maroc\u00a0\u00bb et ce, lors d\u2019une rencontre organis\u00e9e \u00e0 l\u2019occasion de la c\u00e9l\u00e9bration de la Journ\u00e9e mondiale de la femme. Cet ouvrage met \u00e0 la disposition du lecteur la biographie de 375 femmes ayant [&hellip;]<\/p>\n","protected":false},"author":1788,"featured_media":0,"comment_status":"closed","ping_status":"closed","sticky":false,"template":"","format":"standard","meta":{"fifu_image_url":"","fifu_image_alt":"","footnotes":""},"categories":[54,76],"tags":[],"class_list":["post-78645","post","type-post","status-publish","format-standard","hentry","category-maroc","category-regions"],"_links":{"self":[{"href":"https:\/\/linitiative.ca\/International\/wp-json\/wp\/v2\/posts\/78645","targetHints":{"allow":["GET"]}}],"collection":[{"href":"https:\/\/linitiative.ca\/International\/wp-json\/wp\/v2\/posts"}],"about":[{"href":"https:\/\/linitiative.ca\/International\/wp-json\/wp\/v2\/types\/post"}],"author":[{"embeddable":true,"href":"https:\/\/linitiative.ca\/International\/wp-json\/wp\/v2\/users\/1788"}],"replies":[{"embeddable":true,"href":"https:\/\/linitiative.ca\/International\/wp-json\/wp\/v2\/comments?post=78645"}],"version-history":[{"count":0,"href":"https:\/\/linitiative.ca\/International\/wp-json\/wp\/v2\/posts\/78645\/revisions"}],"wp:attachment":[{"href":"https:\/\/linitiative.ca\/International\/wp-json\/wp\/v2\/media?parent=78645"}],"wp:term":[{"taxonomy":"category","embeddable":true,"href":"https:\/\/linitiative.ca\/International\/wp-json\/wp\/v2\/categories?post=78645"},{"taxonomy":"post_tag","embeddable":true,"href":"https:\/\/linitiative.ca\/International\/wp-json\/wp\/v2\/tags?post=78645"}],"curies":[{"name":"wp","href":"https:\/\/api.w.org\/{rel}","templated":true}]}}