{"id":78647,"date":"2020-03-09T16:38:37","date_gmt":"2020-03-09T20:38:37","guid":{"rendered":"https:\/\/linitiative.ca\/International\/ceremonie-en-hommage-aux-femmes-leaders\/"},"modified":"2020-03-09T16:38:37","modified_gmt":"2020-03-09T20:38:37","slug":"ceremonie-en-hommage-aux-femmes-leaders","status":"publish","type":"post","link":"https:\/\/linitiative.ca\/International\/ceremonie-en-hommage-aux-femmes-leaders\/","title":{"rendered":"C\u00e9r\u00e9monie en hommage aux femmes leaders"},"content":{"rendered":"<div readability=\"36\">\n<p>Bengu\u00e9rir- Une c\u00e9r\u00e9monie destin\u00e9e \u00e0 rendre hommage aux femmes pour leur leadership et leur engagement exemplaire dans diff\u00e9rents domaines au niveau de la province de Rehamna, a \u00e9t\u00e9 organis\u00e9e le weekend \u00e0 Bengu\u00e9rir et ce, \u00e0 l\u2019occasion de la Journ\u00e9e Internationale de la Femme.<\/p>\n<\/div>\n<div readability=\"91\">\n<p>Organis\u00e9e par l\u2019Association \u00ab\u00a0Aicha Oum Al Mouminine\u00a0\u00bb pour le D\u00e9veloppement \u00e0 Rehamna, en pr\u00e9sence notamment du gouverneur de la province, M. Aziz Bouignane, et des repr\u00e9sentants des autorit\u00e9s locales, cette rencontre a \u00e9t\u00e9 l\u2019occasion de rendre un vibrant hommage \u00e0 un groupe de femmes issues de Bengu\u00e9rir ainsi que de certaines zones rurales de la province.<\/p>\n<p>Cet \u00e9v\u00e9nement s\u2019est fix\u00e9 pour mission de mettre en relief le r\u00f4le jou\u00e9 par les femmes de la province de Rehamna dans l\u2019effort consenti, localement, en mati\u00e8re de d\u00e9veloppement, ainsi que la d\u00e9termination de la gent f\u00e9minine \u00e0 poursuivre le combat pour garantir une vie d\u00e9cente et surmonter toutes les conditions difficiles auxquelles elle doit faire face.<\/p>\n<p>Dans une allocution de circonstance, le gouverneur a relev\u00e9 que les femmes marocaines ne cessent de faire montre d\u2019un engagement ferme et d\u2019une pers\u00e9v\u00e9rance remarquable d\u00e8s qu\u2019il s\u2019agit d\u2019assurer le bien-\u00eatre de leurs familles, de remplir leurs obligations professionnelles et de s\u2019engager dans une action et un effort collectifs visant \u00e0 faire du Maroc un pays o\u00f9 la vie d\u00e9cente est amplement garantie.<\/p>\n<p>M. Bouignane a, par la m\u00eame occasion, pr\u00e9cis\u00e9 que la femme est consid\u00e9r\u00e9e comme \u00ab\u00a0une \u00e9cole\u00a0\u00bb qui m\u00e9rite respect, reconnaissance et gratitude, saluant, au passage, le r\u00f4le jou\u00e9 par la gent f\u00e9minine au niveau provincial notamment celle rurale, contribuant ainsi au rayonnement du Royaume, \u00e0 m\u00eame de le hisser au rang des nations \u00e0 la fois dignes et fi\u00e8res de leurs femmes.<\/p>\n<p>La pr\u00e9sidente de l\u2019Association \u00ab\u00a0Aicha Oum Al Mouminine\u00a0\u00bb pour le D\u00e9veloppement, Mme Mahjouba Aourir, a indiqu\u00e9, quant \u00e0 elle, que la femme de Rehamna a parcouru un long chemin afin de jouir d\u2019une vie digne et ce, en relevant tous les d\u00e9fis, notant que gr\u00e2ce \u00e0 sa pers\u00e9v\u00e9rance, la femme a su, par m\u00e9rite, militer en faveur de son autonomisation financi\u00e8re.<\/p>\n<p>L\u2019un des moments forts de cette c\u00e9r\u00e9monie, qui s\u2019est d\u00e9roul\u00e9e dans une ambiance festive et conviviale, a \u00e9t\u00e9 la pr\u00e9sentation d\u2019un expos\u00e9 exhaustif sur l\u2019engagement de la femme, aux c\u00f4t\u00e9s de l\u2019homme, au niveau de la province de Rehamna pour la pr\u00e9servation de l\u2019identit\u00e9 et du patrimoine, outre la projection de films biographiques retra\u00e7ant les parcours reluisants des femmes c\u00e9l\u00e9br\u00e9es \u00e0 cette occasion.<\/p>\n<\/div>\n<p>Auteur: Mohammed KOURSI<br \/>\n<a href=\"http:\/\/www.mapmarrakech.ma\/fr\/ceremonie-en-hommage-aux-femmes-leaders\/\">Cliquez ici pour lire l&rsquo;article depuis sa source.<\/a><\/p>\n","protected":false},"excerpt":{"rendered":"<p>Bengu\u00e9rir- Une c\u00e9r\u00e9monie destin\u00e9e \u00e0 rendre hommage aux femmes pour leur leadership et leur engagement exemplaire dans diff\u00e9rents domaines au niveau de la province de Rehamna, a \u00e9t\u00e9 organis\u00e9e le weekend \u00e0 Bengu\u00e9rir et ce, \u00e0 l\u2019occasion de la Journ\u00e9e Internationale de la Femme. Organis\u00e9e par l\u2019Association \u00ab\u00a0Aicha Oum Al Mouminine\u00a0\u00bb pour le D\u00e9veloppement \u00e0 [&hellip;]<\/p>\n","protected":false},"author":1788,"featured_media":0,"comment_status":"closed","ping_status":"closed","sticky":false,"template":"","format":"standard","meta":{"fifu_image_url":"","fifu_image_alt":"","footnotes":""},"categories":[54,76],"tags":[],"class_list":["post-78647","post","type-post","status-publish","format-standard","hentry","category-maroc","category-regions"],"_links":{"self":[{"href":"https:\/\/linitiative.ca\/International\/wp-json\/wp\/v2\/posts\/78647","targetHints":{"allow":["GET"]}}],"collection":[{"href":"https:\/\/linitiative.ca\/International\/wp-json\/wp\/v2\/posts"}],"about":[{"href":"https:\/\/linitiative.ca\/International\/wp-json\/wp\/v2\/types\/post"}],"author":[{"embeddable":true,"href":"https:\/\/linitiative.ca\/International\/wp-json\/wp\/v2\/users\/1788"}],"replies":[{"embeddable":true,"href":"https:\/\/linitiative.ca\/International\/wp-json\/wp\/v2\/comments?post=78647"}],"version-history":[{"count":0,"href":"https:\/\/linitiative.ca\/International\/wp-json\/wp\/v2\/posts\/78647\/revisions"}],"wp:attachment":[{"href":"https:\/\/linitiative.ca\/International\/wp-json\/wp\/v2\/media?parent=78647"}],"wp:term":[{"taxonomy":"category","embeddable":true,"href":"https:\/\/linitiative.ca\/International\/wp-json\/wp\/v2\/categories?post=78647"},{"taxonomy":"post_tag","embeddable":true,"href":"https:\/\/linitiative.ca\/International\/wp-json\/wp\/v2\/tags?post=78647"}],"curies":[{"name":"wp","href":"https:\/\/api.w.org\/{rel}","templated":true}]}}