{"id":78648,"date":"2020-03-10T03:39:41","date_gmt":"2020-03-10T07:39:41","guid":{"rendered":"https:\/\/linitiative.ca\/International\/el-kelaa-des-sraghna-a-lheure-des-4e-journees-culturelles\/"},"modified":"2020-03-10T03:39:41","modified_gmt":"2020-03-10T07:39:41","slug":"el-kelaa-des-sraghna-a-lheure-des-4e-journees-culturelles","status":"publish","type":"post","link":"https:\/\/linitiative.ca\/International\/el-kelaa-des-sraghna-a-lheure-des-4e-journees-culturelles\/","title":{"rendered":"El Kel\u00e2a des Sraghna \u00e0 l\u2019heure des 4\u00e8 Journ\u00e9es Culturelles"},"content":{"rendered":"<div readability=\"35\">\n<p>El Kel\u00e2a des Sraghna- La 4\u00e8me \u00e9dition des Journ\u00e9es Culturelles d\u2019El Kel\u00e2a des Sraghna a \u00e9t\u00e9 organis\u00e9e, du 01 au 09 mars, sous le signe \u00ab\u00a0L\u2019excellence dans l\u2019innovation\u00a0\u00bb.<\/p>\n<\/div>\n<div readability=\"79\">\n<p>Initi\u00e9e par le Centre universitaire polydisciplinaire d\u2019El Kel\u00e2a des\u00a0Sraghna\u00a0en coop\u00e9ration avec l\u2019Universit\u00e9 Cadi Ayyad de Marrakech, cette manifestation a \u00e9t\u00e9 marqu\u00e9e par l\u2019organisation d\u2019une s\u00e9rie d\u2019activit\u00e9s culturelles et sportives au profit des \u00e9tudiants.<\/p>\n<p>Cet \u00e9v\u00e9nement a \u00e9t\u00e9 l\u2019occasion de jeter la lumi\u00e8re sur la richesse culturelle d\u2019El Kel\u00e2a des\u00a0Sraghna, de renforcer sa place dans la r\u00e9gion de Marrakech-Safi et de promouvoir la connaissance, la cr\u00e9ativit\u00e9 et l\u2019innovation.<\/p>\n<p>Dans une d\u00e9claration \u00e0 la MAP, le directeur du Centre universitaire polydisciplinaire d\u2019El Kel\u00e2a des\u00a0Sraghna, Mohamed El Ghali, a soulign\u00e9 que cette manifestation a mis en avant la pertinence de l\u2019action du Centre, en tant que l\u2019une des composantes du d\u00e9veloppement au niveau de la province.<\/p>\n<p>La promotion d\u2019une soci\u00e9t\u00e9 de connaissance contribuera largement au renforcement du capital humain, consid\u00e9r\u00e9 comme le noyau du d\u00e9veloppement de toute soci\u00e9t\u00e9, a-t-il relev\u00e9.<\/p>\n<p>Au menu de ces Journ\u00e9es Culturelles, figuraient l\u2019organisation de deux conf\u00e9rences autour de \u00ab\u00a0la contribution\u00a0du pouvoir judiciaire au nouveau mod\u00e8le de d\u00e9veloppement et aux nouvelles lois relatives aux communaut\u00e9s Soulaliyates\u00a0\u00bb et de \u00ab\u00a0la question de l\u2019emploi \u00e0 la lumi\u00e8re du nouveau mod\u00e8le de d\u00e9veloppement\u00a0\u00bb, outre des ateliers de formation sur la m\u00e9thodologie du commentaire des arr\u00eats judiciaires et la situation des enfants accompagnant leurs m\u00e8res en prison.<\/p>\n<p>L\u2019accent a \u00e9t\u00e9 mis \u00e9galement sur plusieurs th\u00e9matiques li\u00e9es notamment au\u00a0contr\u00f4le de la constitutionnalit\u00e9 des lois au Maroc, avec la participation de conseillers judiciaires, de magistrats du tribunal de premi\u00e8re instance d\u2019El Kel\u00e2a des\u00a0Sraghna, d\u2019\u00e9lus et de professeurs de l\u2019Universit\u00e9 Cadi Ayyad.<\/p>\n<p>Cette manifestation a \u00e9t\u00e9 marqu\u00e9e par l\u2019organisation de campagnes de don de sang et de reboisement, ainsi que de spectacles de \u00ab\u00a0Tbourida\u00a0\u00bb et de comp\u00e9titions de course \u00e0 pied.<\/p>\n<p>L\u2019organisation des Journ\u00e9es Culturelles d\u2019El Kel\u00e2a des\u00a0Sraghna\u00a0s\u2019inscrit dans le cadre de la c\u00e9l\u00e9bration du 40\u00e8me anniversaire de la cr\u00e9ation de l\u2019Universit\u00e9 Cadi Ayyad, en vue de promouvoir le syst\u00e8me \u00e9ducatif en tant qu\u2019\u00e9l\u00e9ment\u00a0primordial du d\u00e9veloppement local.<\/p>\n<\/div>\n<p>Auteur: Mohammed KOURSI<br \/>\n<a href=\"http:\/\/www.mapmarrakech.ma\/fr\/el-kelaa-des-sraghna-a-lheure-des-4e-journees-culturelles\/\">Cliquez ici pour lire l&rsquo;article depuis sa source.<\/a><\/p>\n","protected":false},"excerpt":{"rendered":"<p>El Kel\u00e2a des Sraghna- La 4\u00e8me \u00e9dition des Journ\u00e9es Culturelles d\u2019El Kel\u00e2a des Sraghna a \u00e9t\u00e9 organis\u00e9e, du 01 au 09 mars, sous le signe \u00ab\u00a0L\u2019excellence dans l\u2019innovation\u00a0\u00bb. Initi\u00e9e par le Centre universitaire polydisciplinaire d\u2019El Kel\u00e2a des\u00a0Sraghna\u00a0en coop\u00e9ration avec l\u2019Universit\u00e9 Cadi Ayyad de Marrakech, cette manifestation a \u00e9t\u00e9 marqu\u00e9e par l\u2019organisation d\u2019une s\u00e9rie d\u2019activit\u00e9s culturelles [&hellip;]<\/p>\n","protected":false},"author":1788,"featured_media":0,"comment_status":"closed","ping_status":"closed","sticky":false,"template":"","format":"standard","meta":{"fifu_image_url":"","fifu_image_alt":"","footnotes":""},"categories":[54,76],"tags":[],"class_list":["post-78648","post","type-post","status-publish","format-standard","hentry","category-maroc","category-regions"],"_links":{"self":[{"href":"https:\/\/linitiative.ca\/International\/wp-json\/wp\/v2\/posts\/78648","targetHints":{"allow":["GET"]}}],"collection":[{"href":"https:\/\/linitiative.ca\/International\/wp-json\/wp\/v2\/posts"}],"about":[{"href":"https:\/\/linitiative.ca\/International\/wp-json\/wp\/v2\/types\/post"}],"author":[{"embeddable":true,"href":"https:\/\/linitiative.ca\/International\/wp-json\/wp\/v2\/users\/1788"}],"replies":[{"embeddable":true,"href":"https:\/\/linitiative.ca\/International\/wp-json\/wp\/v2\/comments?post=78648"}],"version-history":[{"count":0,"href":"https:\/\/linitiative.ca\/International\/wp-json\/wp\/v2\/posts\/78648\/revisions"}],"wp:attachment":[{"href":"https:\/\/linitiative.ca\/International\/wp-json\/wp\/v2\/media?parent=78648"}],"wp:term":[{"taxonomy":"category","embeddable":true,"href":"https:\/\/linitiative.ca\/International\/wp-json\/wp\/v2\/categories?post=78648"},{"taxonomy":"post_tag","embeddable":true,"href":"https:\/\/linitiative.ca\/International\/wp-json\/wp\/v2\/tags?post=78648"}],"curies":[{"name":"wp","href":"https:\/\/api.w.org\/{rel}","templated":true}]}}