{"id":78650,"date":"2020-03-09T16:48:50","date_gmt":"2020-03-09T20:48:50","guid":{"rendered":"https:\/\/linitiative.ca\/International\/remise-dequipements-pour-des-agr-a-des-ex-detenus\/"},"modified":"2020-03-09T16:48:50","modified_gmt":"2020-03-09T20:48:50","slug":"remise-dequipements-pour-des-agr-a-des-ex-detenus","status":"publish","type":"post","link":"https:\/\/linitiative.ca\/International\/remise-dequipements-pour-des-agr-a-des-ex-detenus\/","title":{"rendered":"Remise d\u2019\u00e9quipements pour des AGR \u00e0 des ex-d\u00e9tenus"},"content":{"rendered":"<p class=\"c5\">La Fondation Mohammed VI pour la r\u00e9insertion des d\u00e9tenus a proc\u00e9d\u00e9, lundi \u00e0 Berkane, \u00e0 la distribution d\u2019un important lot de divers \u00e9quipements et mat\u00e9riels au profit d\u2019une trentaine d\u2019ex-d\u00e9tenus, en vue de leur permettre de cr\u00e9er leurs propres projets d\u2019Activit\u00e9s G\u00e9n\u00e9ratrices de Revenus (AGR).<\/p>\n<p class=\"c5\">La valeur globale des \u00e9quipements re\u00e7us par les 30 b\u00e9n\u00e9ficiaires parmi les anciens pensionnaires des \u00e9tablissements p\u00e9nitentiaires relevant de la province de Berkane, dont deux femmes et 18 anciens condamn\u00e9s dans des affaires de terrorisme, s\u2019\u00e9l\u00e8ve \u00e0 711.434,15 dirhams.<\/p>\n<p class=\"c5\">L\u2019objectif est d\u2019encourager l\u2019int\u00e9gration de cette frange de la population dans la vie socio-\u00e9conomique \u00e0 la faveur des efforts d\u00e9ploy\u00e9s par la Fondation avec d\u2019autres partenaires.<\/p>\n<p class=\"c5\">Selon les responsables de la Fondation, cette op\u00e9ration rentre dans le cadre de la mise en \u0153uvre du programme d\u2019appui aux microprojets et \u00e0 l\u2019auto-emploi au profit des ex-pensionnaires des \u00e9tablissements p\u00e9nitentiaires au titre de l\u2019exercice 2019, lanc\u00e9 par SM le Roi Mohammed VI, le 27 mai 2019 \u00e0 Casablanca.<\/p>\n<p class=\"c5\">Elle s\u2019inscrit \u00e9galement dans le cadre de la mise en \u0153uvre de la strat\u00e9gie int\u00e9gr\u00e9e de r\u00e9insertion socio-professionnelle des ex-d\u00e9tenus, men\u00e9e par la Fondation Mohammed VI sous la pr\u00e9sidence effective de SM le Roi.<\/p>\n<p><img class=\"wp-image-17951 aligncenter\" data-src=\"http:\/\/www.mapoujda.ma\/map\/uploads\/2020\/03\/Remise-d&#xE9;quipements-pour-des-AGR-&#xE0;-des-ex-d&#xE9;tenus-M750&#xD7;430-MAP.jpg\" alt=\"\" width=\"576\" height=\"330\" srcset=\"http:\/\/www.mapoujda.ma\/map\/uploads\/2020\/03\/Remise-d&#xE9;quipements-pour-des-AGR-&#xE0;-des-ex-d&#xE9;tenus-M750&#xD7;430-MAP.jpg 750w, http:\/\/www.mapoujda.ma\/map\/uploads\/2020\/03\/Remise-d&#xE9;quipements-pour-des-AGR-&#xE0;-des-ex-d&#xE9;tenus-M750&#xD7;430-MAP-300x172.jpg 300w\" sizes=\"(max-width: 576px) 100vw, 576px\"\/><\/p>\n<p class=\"c5\">La distribution de ces \u00e9quipements intervient aussi en application de la convention de partenariat conclue entre la Fondation et la province de Berkane dans le cadre de l\u2019Initiative nationale pour le d\u00e9veloppement humain (INDH) pour l\u2019impl\u00e9mentation du programme de lutte contre la pr\u00e9carit\u00e9.<\/p>\n<p class=\"c5\">La convention est relative au financement d\u2019activit\u00e9s g\u00e9n\u00e9ratrices de revenus au profit de cette cat\u00e9gorie de population vuln\u00e9rable, afin de contrecarrer le ph\u00e9nom\u00e8ne de r\u00e9cidive au crime et d\u2019assurer les conditions d\u2019une r\u00e9insertion efficace de ces citoyens dans le tissu social et \u00e9conomique, conform\u00e9ment \u00e0 la vision \u00e9clair\u00e9e de Sa Majest\u00e9 le Roi dans ce domaine.<\/p>\n<p class=\"c5\">Les \u00e9quipements et mat\u00e9riels remis \u00e0 ce premier groupe de porteurs de projets de r\u00e9insertion concernent diff\u00e9rents domaines d\u2019activit\u00e9s, dont l\u2019agriculture, les services et d\u2019autres m\u00e9tiers et ce, en fonction des comp\u00e9tences et des formations suivies par les b\u00e9n\u00e9ficiaires.<\/p>\n<p class=\"c5\">La c\u00e9r\u00e9monie organis\u00e9e \u00e0 cette occasion par la Fondation Mohammed VI pour la r\u00e9insertion des d\u00e9tenus s\u2019est d\u00e9roul\u00e9e en pr\u00e9sence notamment du gouverneur de la province de Berkane, Mohamed Ali Habouha.<\/p>\n<p>Auteur: Soufiane ELAHMAR<br \/>\n<a href=\"http:\/\/www.mapoujda.ma\/fr\/remise-dequipements-pour-des-agr-a-des-ex-detenus\/\">Cliquez ici pour lire l&rsquo;article depuis sa source.<\/a><\/p>\n","protected":false},"excerpt":{"rendered":"<p>La Fondation Mohammed VI pour la r\u00e9insertion des d\u00e9tenus a proc\u00e9d\u00e9, lundi \u00e0 Berkane, \u00e0 la distribution d\u2019un important lot de divers \u00e9quipements et mat\u00e9riels au profit d\u2019une trentaine d\u2019ex-d\u00e9tenus, en vue de leur permettre de cr\u00e9er leurs propres projets d\u2019Activit\u00e9s G\u00e9n\u00e9ratrices de Revenus (AGR). La valeur globale des \u00e9quipements re\u00e7us par les 30 b\u00e9n\u00e9ficiaires [&hellip;]<\/p>\n","protected":false},"author":1788,"featured_media":78651,"comment_status":"closed","ping_status":"closed","sticky":false,"template":"","format":"standard","meta":{"fifu_image_url":"","fifu_image_alt":"","footnotes":""},"categories":[54,76],"tags":[],"class_list":["post-78650","post","type-post","status-publish","format-standard","has-post-thumbnail","hentry","category-maroc","category-regions"],"_links":{"self":[{"href":"https:\/\/linitiative.ca\/International\/wp-json\/wp\/v2\/posts\/78650","targetHints":{"allow":["GET"]}}],"collection":[{"href":"https:\/\/linitiative.ca\/International\/wp-json\/wp\/v2\/posts"}],"about":[{"href":"https:\/\/linitiative.ca\/International\/wp-json\/wp\/v2\/types\/post"}],"author":[{"embeddable":true,"href":"https:\/\/linitiative.ca\/International\/wp-json\/wp\/v2\/users\/1788"}],"replies":[{"embeddable":true,"href":"https:\/\/linitiative.ca\/International\/wp-json\/wp\/v2\/comments?post=78650"}],"version-history":[{"count":0,"href":"https:\/\/linitiative.ca\/International\/wp-json\/wp\/v2\/posts\/78650\/revisions"}],"wp:featuredmedia":[{"embeddable":true,"href":"https:\/\/linitiative.ca\/International\/wp-json\/"}],"wp:attachment":[{"href":"https:\/\/linitiative.ca\/International\/wp-json\/wp\/v2\/media?parent=78650"}],"wp:term":[{"taxonomy":"category","embeddable":true,"href":"https:\/\/linitiative.ca\/International\/wp-json\/wp\/v2\/categories?post=78650"},{"taxonomy":"post_tag","embeddable":true,"href":"https:\/\/linitiative.ca\/International\/wp-json\/wp\/v2\/tags?post=78650"}],"curies":[{"name":"wp","href":"https:\/\/api.w.org\/{rel}","templated":true}]}}