{"id":78653,"date":"2020-03-10T04:51:13","date_gmt":"2020-03-10T08:51:13","guid":{"rendered":"https:\/\/linitiative.ca\/International\/msila-placement-sous-controle-judiciaire-du-p-apc-de-boussaada-son-predecesseur-et-un-employe-de-la-commune\/"},"modified":"2020-03-10T04:51:13","modified_gmt":"2020-03-10T08:51:13","slug":"msila-placement-sous-controle-judiciaire-du-p-apc-de-boussaada-son-predecesseur-et-un-employe-de-la-commune","status":"publish","type":"post","link":"https:\/\/linitiative.ca\/International\/msila-placement-sous-controle-judiciaire-du-p-apc-de-boussaada-son-predecesseur-et-un-employe-de-la-commune\/","title":{"rendered":"M&rsquo;sila: placement sous contr\u00f4le judiciaire du P\/APC de Boussa\u00e2da, son pr\u00e9d\u00e9cesseur et un employ\u00e9 de la commune"},"content":{"rendered":"<div readability=\"38\">\n<p><strong>M&rsquo;SILA &#8211; Le juge d&rsquo;instruction pr\u00e8s le tribunal de M&rsquo;sila a ordonn\u00e9 lundi le placement sous contr\u00f4le judiciaire du pr\u00e9sident en exercice de l&rsquo;Assembl\u00e9es populaires communales (P\/APC) de Boussa\u00e2da, son pr\u00e9d\u00e9cesseur, ainsi qu&rsquo;un employ\u00e9 charg\u00e9 de la gestion du parc communal pour des faits li\u00e9s \u00e0 la corruption, a-t-on appris mardi de source judiciaire.<\/strong><\/p>\n<\/div>\n<div readability=\"72\">\n<p>Ces individus sont inculp\u00e9s de plusieurs chefs d&rsquo;accusation, dont \u00ab\u00a0abus de pouvoir\u00a0\u00bb, \u00ab\u00a0dilapidation de deniers publics\u00a0\u00bb et \u00ab\u00a0trafic d&rsquo;influence\u00a0\u00bb, a-t-on indiqu\u00e9, ajoutant que 10 autres personnes en lien avec ces affaires de corruption ont \u00e9t\u00e9 lib\u00e9r\u00e9es.<\/p>\n<p>13 personnes, entre t\u00e9moins et accus\u00e9s, ont \u00e9t\u00e9 entendues par le juge d&rsquo;instruction pr\u00e8s le tribunal de M&rsquo;sila dans le cadre de ces affaires, au cours d&rsquo;une audience de plusieurs heures, a relev\u00e9 la m\u00eame source.<\/p>\n<p>28 pr\u00e9sidents d&rsquo;Assembl\u00e9es populaires communales de la wilaya de M&rsquo;sila sont poursuivis en justice dans des affaires li\u00e9es \u00e0 la corruption, a-t-on rappel\u00e9.<\/p>\n<p class=\"c29\"><strong>Placement sous contr\u00f4le judiciaire du responsable de l&rsquo;annexe de l&rsquo;agence fonci\u00e8re de Hammam Delaa et d&rsquo;un employ\u00e9 du cadastre<\/strong><\/p>\n<p>Le juge d&rsquo;instruction pr\u00e8s le tribunal de Hammam Delaa (M&rsquo;sila) a ordonn\u00e9 lundi le placement sous contr\u00f4le judiciaire du responsable de l&rsquo;annexe de l&rsquo;agence fonci\u00e8re de Hammam Delaa et un employ\u00e9 de la direction du cadastre dans des affaires li\u00e9es \u00e0 la corruption, a-t-on appris mardi d&rsquo;une source judiciaire.<\/p>\n<p>Les deux individus sont poursuivis pour plusieurs chefs d&rsquo;inculpation, dont \u00a0\u00bbfaux et usage de faux\u00a0\u00bb, \u00a0\u00bbfausse d\u00e9claration et destruction d&rsquo;archives\u00a0\u00bb et \u00a0\u00bbfaux t\u00e9moignages\u00a0\u00bb, a pr\u00e9cis\u00e9 la m\u00eame source, relevant que 17 personnes ont \u00e9t\u00e9 entendues par le juge d&rsquo;instruction dans cette affaire.<\/p>\n<p>Une enqu\u00eate interne sur cette affaire de d\u00e9tournement frauduleux du foncier dans la commune de Hammam Delaa a \u00e9t\u00e9 d\u00e9clench\u00e9e en 2019 par les services de la wilaya. Elle a \u00e9t\u00e9 confi\u00e9e par la suite aux services de la Gendarmerie nationale, a-t-on expliqu\u00e9.<\/p>\n<\/div>\n<p>Auteur:<br \/>\n<a href=\"http:\/\/www.aps.dz\/regions\/102795-m-sila-placement-sous-controle-judiciaire-du-p-apc-de-boussaada-son-predecesseur-et-un-employe-de-la-commune\">Cliquez ici pour lire l&rsquo;article depuis sa source.<\/a><\/p>\n","protected":false},"excerpt":{"rendered":"<p>M&rsquo;SILA &#8211; Le juge d&rsquo;instruction pr\u00e8s le tribunal de M&rsquo;sila a ordonn\u00e9 lundi le placement sous contr\u00f4le judiciaire du pr\u00e9sident en exercice de l&rsquo;Assembl\u00e9es populaires communales (P\/APC) de Boussa\u00e2da, son pr\u00e9d\u00e9cesseur, ainsi qu&rsquo;un employ\u00e9 charg\u00e9 de la gestion du parc communal pour des faits li\u00e9s \u00e0 la corruption, a-t-on appris mardi de source judiciaire. Ces [&hellip;]<\/p>\n","protected":false},"author":1790,"featured_media":0,"comment_status":"closed","ping_status":"closed","sticky":false,"template":"","format":"standard","meta":{"fifu_image_url":"","fifu_image_alt":"","footnotes":""},"categories":[53,76],"tags":[],"class_list":["post-78653","post","type-post","status-publish","format-standard","hentry","category-algerie","category-regions"],"_links":{"self":[{"href":"https:\/\/linitiative.ca\/International\/wp-json\/wp\/v2\/posts\/78653","targetHints":{"allow":["GET"]}}],"collection":[{"href":"https:\/\/linitiative.ca\/International\/wp-json\/wp\/v2\/posts"}],"about":[{"href":"https:\/\/linitiative.ca\/International\/wp-json\/wp\/v2\/types\/post"}],"author":[{"embeddable":true,"href":"https:\/\/linitiative.ca\/International\/wp-json\/wp\/v2\/users\/1790"}],"replies":[{"embeddable":true,"href":"https:\/\/linitiative.ca\/International\/wp-json\/wp\/v2\/comments?post=78653"}],"version-history":[{"count":0,"href":"https:\/\/linitiative.ca\/International\/wp-json\/wp\/v2\/posts\/78653\/revisions"}],"wp:attachment":[{"href":"https:\/\/linitiative.ca\/International\/wp-json\/wp\/v2\/media?parent=78653"}],"wp:term":[{"taxonomy":"category","embeddable":true,"href":"https:\/\/linitiative.ca\/International\/wp-json\/wp\/v2\/categories?post=78653"},{"taxonomy":"post_tag","embeddable":true,"href":"https:\/\/linitiative.ca\/International\/wp-json\/wp\/v2\/tags?post=78653"}],"curies":[{"name":"wp","href":"https:\/\/api.w.org\/{rel}","templated":true}]}}