{"id":78654,"date":"2020-03-10T12:55:52","date_gmt":"2020-03-10T16:55:52","guid":{"rendered":"https:\/\/linitiative.ca\/International\/oran-demarches-pour-classer-la-foret-de-msila-reserve-naturelle-nationale\/"},"modified":"2020-03-10T12:55:52","modified_gmt":"2020-03-10T16:55:52","slug":"oran-demarches-pour-classer-la-foret-de-msila-reserve-naturelle-nationale","status":"publish","type":"post","link":"https:\/\/linitiative.ca\/International\/oran-demarches-pour-classer-la-foret-de-msila-reserve-naturelle-nationale\/","title":{"rendered":"Oran : d\u00e9marches pour classer la for\u00eat de M\u2019sila r\u00e9serve naturelle nationale"},"content":{"rendered":"<div readability=\"35\">\n<p><strong>ORAN- La conservation des for\u00eats de la wilaya d&rsquo;Oran envisage de classer le parc de la for\u00eat de M\u2019sila dans la da\u00efra de Boutlelis (Ouest d\u2019Oran) r\u00e9serve naturelle nationale, a-t-on appris mardi aupr\u00e8s de cette institution.<\/strong><\/p>\n<\/div>\n<div readability=\"78\">\n<p>La for\u00eat de M\u2019sila a \u00e9t\u00e9 pr\u00e9c\u00e9demment class\u00e9e r\u00e9serve naturelle par d\u00e9cision de la wilaya en mars 2015, en raison du repeuplement d&rsquo;animaux sauvages enregistr\u00e9 sur cette zone bois\u00e9e s\u2019\u00e9tendant sur 500 hectares, a-t-on soulign\u00e9.<\/p>\n<p>Le chef du service protection de la flore et de la faune \u00e0 la conservation des for\u00eats, Chami Mohamed, a indiqu\u00e9 que la concr\u00e9tisation de cette op\u00e9ration de classement est soumise \u00e0 un ensemble de conditions selon la loi en vigueur dans ce domaine. Dans ce cadre, la conservation \u0153uvre \u00e0 \u00e9laborer une \u00e9tude en vue du l\u00e2cher de mouflons \u00e0 manchettes dans la r\u00e9serve destin\u00e9e au repeuplement des animaux sauvages, a indiqu\u00e9 M. Chami.<\/p>\n<p>L&rsquo;\u00e9tude permet d\u2019am\u00e9nager un espace adapt\u00e9 pour ce type d&rsquo;animaux pour lui permettre de s&rsquo;adapter \u00e0 cette r\u00e9gion.<\/p>\n<blockquote readability=\"15\">\n<p><em><strong>\u00ab\u00a0Le l\u00e2cher, dans cette zone foresti\u00e8re, des mouflons \u00e0 manchettes, une esp\u00e8ce animale rare et prot\u00e9g\u00e9e en Alg\u00e9rie, est une des conditions importantes dans le processus de classement de la for\u00eat de M\u2019sila comme r\u00e9serve naturelle nationale. Elle rec\u00e8le des richesses v\u00e9g\u00e9tales, dont des ch\u00eanes-li\u00e8ges, un facteur de base dans le classement\u00a0\u00bb, a pr\u00e9cis\u00e9 le chef du service protection de la flore et de la faune \u00e0 la conservation des for\u00eats de la wilaya d&rsquo;Oran.<\/strong><\/em><\/p>\n<\/blockquote>\n<p>La r\u00e9serve de repeuplement des animaux sauvages de la for\u00eat de M\u2019sila compte actuellement 16 esp\u00e8ces de mammif\u00e8res, huit (8) autres de reptiles, cinq (5) esp\u00e8ces de batraciens et 48 autres d\u2019oiseaux prot\u00e9g\u00e9s et non prot\u00e9g\u00e9s, a indiqu\u00e9, pour sa part, le chef du service du territoire forestier de la commune de Boutl\u00e9lis, Houari Bouchaaba.<\/p>\n<blockquote readability=\"13\">\n<p><em><strong>La d\u00e9cision prise par la wilaya de classer cet espace forestier r\u00e9serve naturelle pour la reproduction d&rsquo;animaux sauvages a permis le retour de certains oiseaux tels que la perdrix, la m\u00e9sange \u00e0 t\u00eate noire et le loup dor\u00e9 d&rsquo;Afrique. \u00ab\u00a0Ces esp\u00e8ces se d\u00e9veloppent en toute qui\u00e9tude, disposent de r\u00e9serves d\u2019eau. Les lieux sont prot\u00e9g\u00e9s contre le pacage et le braconnage\u00a0\u00bb, a indiqu\u00e9 M. Bouchaaba, ajoutant que la for\u00eat rec\u00e8le un patrimoine v\u00e9g\u00e9tal important dont des vari\u00e9t\u00e9s de conif\u00e8res, ce qui encourage la pr\u00e9sence et\u00a0l&rsquo;adaptation des animaux herbivores.<\/strong><\/em><\/p>\n<\/blockquote>\n<p>Au cours de l&rsquo;ann\u00e9e pr\u00e9c\u00e9dente, la r\u00e9gion de Cap Lindl\u00e8s, dans la da\u00efra de Mers K\u00e9bir, avait \u00e9t\u00e9 class\u00e9e r\u00e9serve naturelle. Elle s\u2019\u00e9tend sur une superficie de plus de 59 km\u00b2, rappelle-t-on.<\/p>\n<\/div>\n<p>Auteur:<br \/>\n<a href=\"http:\/\/www.aps.dz\/regions\/102822-oran-demarches-pour-classer-la-foret-de-m-sila-reserve-naturelle-nationale\">Cliquez ici pour lire l&rsquo;article depuis sa source.<\/a><\/p>\n","protected":false},"excerpt":{"rendered":"<p>ORAN- La conservation des for\u00eats de la wilaya d&rsquo;Oran envisage de classer le parc de la for\u00eat de M\u2019sila dans la da\u00efra de Boutlelis (Ouest d\u2019Oran) r\u00e9serve naturelle nationale, a-t-on appris mardi aupr\u00e8s de cette institution. La for\u00eat de M\u2019sila a \u00e9t\u00e9 pr\u00e9c\u00e9demment class\u00e9e r\u00e9serve naturelle par d\u00e9cision de la wilaya en mars 2015, en [&hellip;]<\/p>\n","protected":false},"author":1790,"featured_media":0,"comment_status":"closed","ping_status":"closed","sticky":false,"template":"","format":"standard","meta":{"fifu_image_url":"","fifu_image_alt":"","footnotes":""},"categories":[53,76],"tags":[],"class_list":["post-78654","post","type-post","status-publish","format-standard","hentry","category-algerie","category-regions"],"_links":{"self":[{"href":"https:\/\/linitiative.ca\/International\/wp-json\/wp\/v2\/posts\/78654","targetHints":{"allow":["GET"]}}],"collection":[{"href":"https:\/\/linitiative.ca\/International\/wp-json\/wp\/v2\/posts"}],"about":[{"href":"https:\/\/linitiative.ca\/International\/wp-json\/wp\/v2\/types\/post"}],"author":[{"embeddable":true,"href":"https:\/\/linitiative.ca\/International\/wp-json\/wp\/v2\/users\/1790"}],"replies":[{"embeddable":true,"href":"https:\/\/linitiative.ca\/International\/wp-json\/wp\/v2\/comments?post=78654"}],"version-history":[{"count":0,"href":"https:\/\/linitiative.ca\/International\/wp-json\/wp\/v2\/posts\/78654\/revisions"}],"wp:attachment":[{"href":"https:\/\/linitiative.ca\/International\/wp-json\/wp\/v2\/media?parent=78654"}],"wp:term":[{"taxonomy":"category","embeddable":true,"href":"https:\/\/linitiative.ca\/International\/wp-json\/wp\/v2\/categories?post=78654"},{"taxonomy":"post_tag","embeddable":true,"href":"https:\/\/linitiative.ca\/International\/wp-json\/wp\/v2\/tags?post=78654"}],"curies":[{"name":"wp","href":"https:\/\/api.w.org\/{rel}","templated":true}]}}