{"id":78655,"date":"2020-03-10T13:09:31","date_gmt":"2020-03-10T17:09:31","guid":{"rendered":"https:\/\/linitiative.ca\/International\/souk-ahras-caravane-medicale-militaire-au-profit-des-habitants-de-la-mechta-bouchehda\/"},"modified":"2020-03-10T13:09:31","modified_gmt":"2020-03-10T17:09:31","slug":"souk-ahras-caravane-medicale-militaire-au-profit-des-habitants-de-la-mechta-bouchehda","status":"publish","type":"post","link":"https:\/\/linitiative.ca\/International\/souk-ahras-caravane-medicale-militaire-au-profit-des-habitants-de-la-mechta-bouchehda\/","title":{"rendered":"Souk Ahras: caravane m\u00e9dicale militaire au profit des habitants de la mechta Bouchehda"},"content":{"rendered":"<div readability=\"40\">\n<p><strong>SOUK AHRAS &#8211; Plusieurs citoyens de la mechta Bouchehda, situ\u00e9e sur les hauteurs des montagnes de la commune d\u2019Ouled Idriss relevant de la wilaya de Souk Ahras, ont b\u00e9n\u00e9fici\u00e9 de consultations, de services m\u00e9dicaux ainsi que de m\u00e9dicaments, dans le cadre de la caravane m\u00e9dicale militaire, arriv\u00e9e mardi dans la\u00a0 r\u00e9gion.<\/strong><\/p>\n<\/div>\n<div readability=\"68\">\n<p>\u00ab\u00a0Cette initiative traduit la force du lien Arm\u00e9e-nation et met en exergue la grande importance qu\u2019accorde l&rsquo;Arm\u00e9e Nationale Populaire (ANP) digne h\u00e9riti\u00e8re de l&rsquo;Arm\u00e9e de lib\u00e9ration nationale, pour soutenir le peuple notamment dans le domaine m\u00e9dical et prendre en charge des habitants des zones enclav\u00e9es de cette wilaya frontali\u00e8re\u00a0\u00bb, a pr\u00e9cis\u00e9 \u00e0 l\u2019APS le charg\u00e9 de l\u2019information de cette caravane, le commandant Adel Foughali.<\/p>\n<p>Une \u00e9quipe compos\u00e9e de m\u00e9decins sp\u00e9cialistes et de param\u00e9dicaux a \u00e9t\u00e9 mobilis\u00e9e pour assurer l\u2019encadrement de cette caravane qui constitue un volet du programme de la 5\u00e8me r\u00e9gion militaire ciblant plusieurs localit\u00e9s enclav\u00e9es et assurant consultations m\u00e9dicales, m\u00e9dicaments et sensibilisation et p\u00e9revntion, a soulign\u00e9 le m\u00eame officier.<\/p>\n<blockquote readability=\"11\">\n<p><strong><em>De son c\u00f4t\u00e9, le commandant Lotfi Mesabhiya,\u00a0 m\u00e9decin aux services de la sant\u00e9 militaire, a indiqu\u00e9 que \u00ab\u00a0cette caravane soutient les efforts d\u00e9ploy\u00e9s de l\u2019ANP dans la prise en charge m\u00e9dicale des habitants de diverses r\u00e9gions du territoire national et offre les soins n\u00e9cessaires et sensibilise les r\u00e9sidents des mechtas sur des pathologies et leur complications tout en contribuant \u00e0 la r\u00e9alisation du d\u00e9pistage pr\u00e9coce de certaines maladies\u00a0\u00bb.<\/em><\/strong><\/p>\n<\/blockquote>\n<p>En plus des consultations m\u00e9dicales et des m\u00e9dicaments distribu\u00e9s aussi bien au profit des malades de cette mechta que ceux des zones limitrophes, des conseils autour des maladies infectieuses dont le coronavirus, ont \u00e9t\u00e9 \u00e9galement prodigu\u00e9s, ajoute la m\u00eame source.<\/p>\n<p>Cette caravane a \u00e9t\u00e9 accueillie favorablement par les habitants de la mechta Bouchehda, qui sont dans l\u2019obligation de se d\u00e9placer \u00e0 la commune d\u2019Ouled Idriss ou au chef lieu de wilaya pour des soins.<\/p>\n<p>\u00ab\u00a0L\u2019organisation de cette caravane intervient en ex\u00e9cution des instructions du haut commandement de l\u2019ANP pour la prise en charge m\u00e9dicale des citoyens et le renforcement de la couverture sanitaire dans les zones enclav\u00e9es de la wilaya de Souk Ahras\u00a0\u00bb, selon un communiqu\u00e9 \u00e9manant de la Direction r\u00e9gionale de la communication, de l\u2019information et de l\u2019orientation de la cinqui\u00e8me r\u00e9gion militaire.<\/p>\n<\/div>\n<p>Auteur:<br \/>\n<a href=\"http:\/\/www.aps.dz\/regions\/102823-souk-ahras-caravane-medicale-militaire-au-profit-des-habitants-de-la-mechta-bouchehda\">Cliquez ici pour lire l&rsquo;article depuis sa source.<\/a><\/p>\n","protected":false},"excerpt":{"rendered":"<p>SOUK AHRAS &#8211; Plusieurs citoyens de la mechta Bouchehda, situ\u00e9e sur les hauteurs des montagnes de la commune d\u2019Ouled Idriss relevant de la wilaya de Souk Ahras, ont b\u00e9n\u00e9fici\u00e9 de consultations, de services m\u00e9dicaux ainsi que de m\u00e9dicaments, dans le cadre de la caravane m\u00e9dicale militaire, arriv\u00e9e mardi dans la\u00a0 r\u00e9gion. \u00ab\u00a0Cette initiative traduit la [&hellip;]<\/p>\n","protected":false},"author":1790,"featured_media":0,"comment_status":"closed","ping_status":"closed","sticky":false,"template":"","format":"standard","meta":{"fifu_image_url":"","fifu_image_alt":"","footnotes":""},"categories":[53,76],"tags":[],"class_list":["post-78655","post","type-post","status-publish","format-standard","hentry","category-algerie","category-regions"],"_links":{"self":[{"href":"https:\/\/linitiative.ca\/International\/wp-json\/wp\/v2\/posts\/78655","targetHints":{"allow":["GET"]}}],"collection":[{"href":"https:\/\/linitiative.ca\/International\/wp-json\/wp\/v2\/posts"}],"about":[{"href":"https:\/\/linitiative.ca\/International\/wp-json\/wp\/v2\/types\/post"}],"author":[{"embeddable":true,"href":"https:\/\/linitiative.ca\/International\/wp-json\/wp\/v2\/users\/1790"}],"replies":[{"embeddable":true,"href":"https:\/\/linitiative.ca\/International\/wp-json\/wp\/v2\/comments?post=78655"}],"version-history":[{"count":0,"href":"https:\/\/linitiative.ca\/International\/wp-json\/wp\/v2\/posts\/78655\/revisions"}],"wp:attachment":[{"href":"https:\/\/linitiative.ca\/International\/wp-json\/wp\/v2\/media?parent=78655"}],"wp:term":[{"taxonomy":"category","embeddable":true,"href":"https:\/\/linitiative.ca\/International\/wp-json\/wp\/v2\/categories?post=78655"},{"taxonomy":"post_tag","embeddable":true,"href":"https:\/\/linitiative.ca\/International\/wp-json\/wp\/v2\/tags?post=78655"}],"curies":[{"name":"wp","href":"https:\/\/api.w.org\/{rel}","templated":true}]}}