{"id":78656,"date":"2020-03-10T15:14:59","date_gmt":"2020-03-10T19:14:59","guid":{"rendered":"https:\/\/linitiative.ca\/International\/ligue-1-2-mca-almas-faux-je-ne-suis-pas-partant\/"},"modified":"2020-03-10T15:14:59","modified_gmt":"2020-03-10T19:14:59","slug":"ligue-1-2-mca-almas-faux-je-ne-suis-pas-partant","status":"publish","type":"post","link":"https:\/\/linitiative.ca\/International\/ligue-1-2-mca-almas-faux-je-ne-suis-pas-partant\/","title":{"rendered":"Ligue 1 &amp; 2 : MCA : Almas : \u00abfaux, je ne suis pas partant\u00bb"},"content":{"rendered":"<div readability=\"32\">\n<p>Auteur : <span>Kamel M.<\/span> <span class=\"time\">mardi 10 mars 2020 14:24<\/span><\/p>\n<\/div>\n<div id=\"post_core\" readability=\"118\">\n<p>Hier de folles rumeurs ont circul\u00e9 au sujet de l\u2019avenir d\u2019Almas \u00e0 la t\u00eate du CA, laissant croire qu\u2019il aurait confi\u00e9 \u00e0 ses proches\u00a0 son intention de se retirer \u00e0 l\u2019issue de cet exercice. Contact\u00e9 par nos soins, le premier responsable du vieux club alg\u00e9rois s\u2019est montr\u00e9 \u00e9tonn\u00e9 de cette information qu\u2019il a qualifi\u00e9e de simple rumeur\u00a0 : \u00ab\u00a0 Je me demande d\u2019o\u00f9 les gens sont all\u00e9s chercher cette information au sujet de mon avenir au Mouloudia, car il ne s\u2019agit que d\u2019une rumeur qui \u00e9mane peut-\u00eatre des gens qui veulent casser le club. Je tiens \u00e0 vous dire que l\u2019information est d\u00e9nu\u00e9e de tout fondement et je suis toujours en poste. \u00bb<\/p>\n<p><strong>\u00abTant que\u00a0 Sonatrach\u00a0 me fait confiance j\u2019irai au bout de ma mission\u00bb<\/strong><br \/>Toujours dans le m\u00eame sens, Nacer Almas dira : \u00ab\u00a0\u00a0 Sonatrach m\u2019a charg\u00e9 d\u2019une mission, celle de pr\u00e9sider le conseil d\u2019administration du Mouloudia et de veiller \u00e0 l\u2019int\u00e9r\u00eat de l\u2019\u00e9quipe et la r\u00e9alisation des objectifs\u00a0 trac\u00e9s en d\u00e9but de saison. Je travaille dans ce sens avec la collaboration de mes pairs au sein du conseil d\u2019administration mais aussi tous les dirigeants pour que nos efforts\u00a0 puissent aboutir aux meilleurs r\u00e9sultats possible. Tant que\u00a0 Sonatrach me fait confiance je reste toujours en poste et j\u2019irai au bout de ma mission. \u00bb<\/p>\n<p><strong>\u00abQu\u2019est-ce que je fais au Mouloudia, si je n\u2019\u00e9tais pas optimiste d\u2019atteindre les objectifs trac\u00e9s !\u00bb<\/strong><br \/>A travers ces d\u00e9clarations, Nacer Almas a affich\u00e9 une grande s\u00e9r\u00e9nit\u00e9 et se montre confiant pour l\u2019avenir de l\u2019\u00e9quipe\u00a0 : \u00ab\u00a0 Comme je viens de le dire, il y a des objectifs qui ont \u00e9t\u00e9 trac\u00e9s en d\u00e9but de saison et bien que nous ayons pris le train en marche on t\u00e2chera de les r\u00e9aliser. Qu\u2019est-ce que je fais au Mouloudia si je n\u2019\u00e9tais pas optimiste d\u2019atteindre ces objectifs, car une grande \u00e9quipe comme la n\u00f4tre doit toujours \u00eatre \u00e0 la hauteur de sa r\u00e9putation. \u00bb<\/p>\n<p><strong>\u00abUne fois cette saison achev\u00e9e on pourra pr\u00e9parer le prochain exercice et parler du projet sportif\u00bb<\/strong><br \/>D\u2019autre part, et apr\u00e8s avoir d\u00e9nu\u00e9 l\u2019information de son d\u00e9part en fin de saison en affichant son intention d\u2019aller au bout de la mission que\u00a0\u00a0 Sonatrach lui a confi\u00e9e, nous avons abord\u00e9 avec Almas les grandes lignes de son projet sportif et \u00e0 ce sujet il dira : \u00ab\u00a0 Vous savez il est pr\u00e9matur\u00e9 de parler de la saison prochaine, car notre pr\u00e9occupation dans l\u2019imm\u00e9diat est d\u2019atteindre les objectifs trac\u00e9s et nous avons d\u00e9j\u00e0 r\u00e9gl\u00e9 pas mal de probl\u00e8mes.\u00a0\u00a0 La saison\u00a0 achev\u00e9e,\u00a0 on se mettra \u00e0 pr\u00e9parer le prochain exercice et \u00e9laborer le projet sportif qui permettra au Mouloudia d\u2019\u00eatre un mod\u00e8le. \u00bb<\/p>\n<p><strong>\u00abLa quatri\u00e8me place que l\u2019\u00e9quipe occupe n\u2019est que temporaire\u00bb<\/strong><br \/>Abord\u00e9 au sujet de la r\u00e9cente d\u00e9faite\u00a0 face au CABBA et qui a fait perdre au MCA sa place au podium, \u00e9tant m\u00eame \u00e0 l\u2019origine d\u2019une grande pol\u00e9mique dans la grande famille du Doyen, \u00e0 ce sujet Almas s\u2019est montr\u00e9 confiant\u00a0 : \u00ab\u00a0 L\u2019\u00e9quipe n\u2019occupe la quatri\u00e8me place du classement que de mani\u00e8re temporaire et il n\u2019y a pas lieu de s\u2019alarmer, car il ne faut pas qu\u2019on ait un match en retard \u00e0 disputer et si on le gagnait nous allons retrouver la seconde place du classement. Le chemin est encore long et il est de notre devoir de bien g\u00e9rer le reste du parcours mais sans pour autant tomber dans le pi\u00e8ge de la pr\u00e9cipitation. \u00bb<\/p>\n<p><strong>\u00abIl faut oublier la d\u00e9faite face au CABBA, car nous n\u2019avons perdu que la bataille et non la guerre\u00bb<\/strong><br \/>Toujours dans le m\u00eame sens, Almas affirme : \u00ab\u00a0 Certes, la d\u00e9faite du CABBA est inattendue, mais il faut l\u2019oublier et cesser de focaliser sur cette contreperformance car ce sont des choses qui arrivent dans le parcours d\u2019une \u00e9quipe. Le plus important pour nous c\u2019est de r\u00e9agir dans les prochaines rencontres, car nous n\u2019avons perdu qu\u2019une bataille \u00e0 Bordj Bou-Arreridj et non la guerre. \u00bb<\/p>\n<p><strong>\u00abLes joueurs se sont montr\u00e9s r\u00e9ceptifs \u00e0 notre discours et ils sont conscients de la mission qui les attend\u00bb<\/strong><br \/>Lorsqu\u2019on a \u00e9voqu\u00e9 la r\u00e9union qu\u2019il a tenue avec les joueurs \u00e0 la reprise des entrainements en pr\u00e9sence des membres du CA, le pr\u00e9sident du Mouloudia nous a confi\u00e9 : \u00ab\u00a0 C\u2019est une r\u00e9union ordinaire et nous avons juste voulu les mettre en confiance, car il ne faut pas oublier que ces joueurs ont travers\u00e9 une p\u00e9riode assez difficile et qui s\u2019est \u00e9tal\u00e9e sur deux mois. On\u00a0 leur a adress\u00e9 un discours motivant tout en les \u00e9coutant afin de nous faire part de leurs pr\u00e9occupations et je ne vous cache pas que nous avons senti une r\u00e9action positive de leur part. Ils se sont montr\u00e9s assez r\u00e9ceptifs \u00e0 notre discours et ils sont conscients de la mission qui les attend \u00e0 l\u2019avenir \u00e0 commencer par notre prochaine rencontre du championnat. \u00bb<\/p>\n<p><strong>\u00abCasoni est \u00e0 Alger mais je ne peux m\u2019\u00e9taler sur les n\u00e9gociations avant d\u2019avoir une discussion avec lui\u00bb<\/strong><br \/>Quant \u00e0 la venue de Casoni pour n\u00e9gocier la r\u00e9siliation de son contrat, Almas n\u2019a pas voulu trop s\u2019\u00e9taler sur le sujet, du fait qu\u2019il devait le rencontrer hier soir : \u00ab\u00a0 Effectivement, Casoni est attendu en cet apr\u00e8s-midi (ndlr entretien r\u00e9alis\u00e9 lundi), et on va le rencontrer ce soir pour n\u00e9gocier la r\u00e9siliation de son contrat,\u00a0 mais je ne peux rien dire \u00e0 sujet avant de l\u2019avoir rencontr\u00e9 et discut\u00e9 avec lui. Nous allons veiller \u00e0 appliquer les clauses du contrat qui le lie au Mouloudia pour essayer de trouver une solution \u00e0 l\u2019amiable. \u00bb<\/p>\n<p><strong>\u00abOn a fait une proposition \u00e0 Casoni et on attend sa r\u00e9ponse aujourd\u2019hui\u00bb<\/strong><br \/>Contact\u00e9 par nos soins au sujet des n\u00e9gociations avec Casoni, le pr\u00e9sident du Mouloudia dira : \u00ab On a rencontr\u00e9 Casoni et on a discut\u00e9 de la r\u00e9siliation de son contrat. Nous lui avons fait une proposition et il a donn\u00e9 son avis, mais sans qu\u2019il prenne une d\u00e9cision. Casoni est \u00e0 Alger jusqu&rsquo;\u00e0 demain (entretien r\u00e9alis\u00e9 lundi), et on lui a accord\u00e9 un temps de r\u00e9flexion, avant de rendre sa r\u00e9ponse ce mardi. Sachez qu\u2019il n\u2019a en aucun cas \u00e9t\u00e9 l\u00e9s\u00e9 \u00e0 dans notre proposition qui a \u00e9t\u00e9 faite selon les clauses du contrat qu\u2019il a sign\u00e9 \u00bb.<\/p>\n<p><strong>\u00abDjabou reprendra l\u2019entrainement aujourd\u2019hui\u00bb<\/strong><br \/>Abord\u00e9 au sujet de l\u2019absence de Djabou, le pr\u00e9sident du Mouloudia d\u00e9clarera : \u00ab Il n\u2019y a pas une affaire Djabou.\u00a0 Vous savez que le joueur alg\u00e9rien est sensible sur le plan psychologique, et il semble qu\u2019une frange de supporters lui ait fait entendre des mots d\u00e9plac\u00e9s alors qu\u2019il \u00e9tait en famille, et c\u2019est la raison pour laquelle il \u00e9tait affect\u00e9. On l\u2019a laiss\u00e9 donc se reposer ces deux jours avant de reprendre les entrainements mardi, car il faut comprendre que tout \u00eatre humain est sensible lorsqu\u2019on touche \u00e0 sa personne \u00bb.\u00a0\u00a0 \u00a0<\/p>\n<p>\u00a0<\/p>\n<p><strong>Publi\u00e9 dans :<\/strong> <span>mca<\/span> <span>Djabou<\/span> <span>Casoni<\/span> <span>Almas<\/span><\/p>\n<\/div>\n<p>Auteur:<br \/>\n<a href=\"http:\/\/www.lebuteur.com\/article\/detail?titre=mca-almas-faux-je-ne-suis-pas-partant&#038;id=95224&#038;utm_source=feedburner&#038;utm_medium=feed&#038;utm_campaign=Feed%3A+GalerieFArtciles+%28Les+derniers+articles++-+lebuteur.com%29\">Cliquez ici pour lire l&rsquo;article depuis sa source.<\/a><\/p>\n","protected":false},"excerpt":{"rendered":"<p>Auteur : Kamel M. mardi 10 mars 2020 14:24 Hier de folles rumeurs ont circul\u00e9 au sujet de l\u2019avenir d\u2019Almas \u00e0 la t\u00eate du CA, laissant croire qu\u2019il aurait confi\u00e9 \u00e0 ses proches\u00a0 son intention de se retirer \u00e0 l\u2019issue de cet exercice. Contact\u00e9 par nos soins, le premier responsable du vieux club alg\u00e9rois s\u2019est [&hellip;]<\/p>\n","protected":false},"author":1738,"featured_media":78657,"comment_status":"closed","ping_status":"closed","sticky":false,"template":"","format":"standard","meta":{"fifu_image_url":"","fifu_image_alt":"","footnotes":""},"categories":[53,75],"tags":[],"class_list":["post-78656","post","type-post","status-publish","format-standard","has-post-thumbnail","hentry","category-algerie","category-sport"],"_links":{"self":[{"href":"https:\/\/linitiative.ca\/International\/wp-json\/wp\/v2\/posts\/78656","targetHints":{"allow":["GET"]}}],"collection":[{"href":"https:\/\/linitiative.ca\/International\/wp-json\/wp\/v2\/posts"}],"about":[{"href":"https:\/\/linitiative.ca\/International\/wp-json\/wp\/v2\/types\/post"}],"author":[{"embeddable":true,"href":"https:\/\/linitiative.ca\/International\/wp-json\/wp\/v2\/users\/1738"}],"replies":[{"embeddable":true,"href":"https:\/\/linitiative.ca\/International\/wp-json\/wp\/v2\/comments?post=78656"}],"version-history":[{"count":0,"href":"https:\/\/linitiative.ca\/International\/wp-json\/wp\/v2\/posts\/78656\/revisions"}],"wp:featuredmedia":[{"embeddable":true,"href":"https:\/\/linitiative.ca\/International\/wp-json\/"}],"wp:attachment":[{"href":"https:\/\/linitiative.ca\/International\/wp-json\/wp\/v2\/media?parent=78656"}],"wp:term":[{"taxonomy":"category","embeddable":true,"href":"https:\/\/linitiative.ca\/International\/wp-json\/wp\/v2\/categories?post=78656"},{"taxonomy":"post_tag","embeddable":true,"href":"https:\/\/linitiative.ca\/International\/wp-json\/wp\/v2\/tags?post=78656"}],"curies":[{"name":"wp","href":"https:\/\/api.w.org\/{rel}","templated":true}]}}