{"id":78660,"date":"2020-03-10T15:15:11","date_gmt":"2020-03-10T19:15:11","guid":{"rendered":"https:\/\/linitiative.ca\/International\/ligue-1-2-usma-chita-lusma-finira-par-relever-la-tete\/"},"modified":"2020-03-10T15:15:11","modified_gmt":"2020-03-10T19:15:11","slug":"ligue-1-2-usma-chita-lusma-finira-par-relever-la-tete","status":"publish","type":"post","link":"https:\/\/linitiative.ca\/International\/ligue-1-2-usma-chita-lusma-finira-par-relever-la-tete\/","title":{"rendered":"Ligue 1 &amp; 2 : USMA : Chita : \u00abL\u2019USMA finira par relever la t\u00eate\u00bb"},"content":{"rendered":"<div readability=\"32\">\n<p>Auteur : <span>Adel Cheraki<\/span> <span class=\"time\">mardi 10 mars 2020 14:24<\/span><\/p>\n<\/div>\n<div id=\"post_core\" readability=\"93\">\n<p>Laiss\u00e9 sur le banc des rempla\u00e7ants lors du grand derby de la capitale, Oussama Chita a retrouv\u00e9 sa place dans le onze contre la JSS. Le milieu de terrain international a \u00e9t\u00e9 reconduit face au PAC. L\u2019un des meilleurs joueurs sur le terrain, celui que nous avons accost\u00e9 \u00e0 sa sortie du vestiaire, est revenu sur le match nul conc\u00e9d\u00e9 dans les derni\u00e8res minutes de cette rencontre avant de nous parler de la prochaine qui opposera les Rouge et Noir au MCO \u00e0 Bologhine.<br \/><strong>Alors Oussama, quel commentaire faites-vous sur ce match nul face au Paradou ?<\/strong><br \/>Dans l\u2019ensemble, je dirais que la partie a \u00e9t\u00e9 \u00e9quilibr\u00e9e avec un l\u00e9ger avantage en notre faveur. Il suffit d\u2019ailleurs de voir les occasions que nous nous sommes cr\u00e9\u00e9es pour confirmer mes propos. Nous \u00e9tions d\u00e9cid\u00e9s \u00e0 gagner, nous avons fait le plus dur en prenant l\u2019avantage mais malheureusement les joueurs adverses ont pu nous surprendre \u00e0 quelques secondes seulement de la fin, c\u2019est regrettable car nous voulions que nos efforts soient bien r\u00e9compens\u00e9s.<br \/><strong>On vous sent d\u00e9\u00e7u\u2026<\/strong><br \/>Comment ne pas l\u2019\u00eatre apr\u00e8s un tel sc\u00e9nario. Nous \u00e9tions tout proches de notre but, mais un match ne se termine qu\u2019apr\u00e8s le coup de sifflet de l\u2019arbitre. Nous avons laiss\u00e9 filer deux points, il va falloir donc se remettre au travail afin de les r\u00e9cup\u00e9rer le plus rapidement possible. Ce ne sera pas facile car tous les matchs sont importants du moment qu\u2019il y a des clubs qui visent une place dans le haut de tableau et d\u2019autres qui luttent pour leur maintien.<br \/><strong>Comment vous voyez la suite du parcours \u00e0 pr\u00e9sent ?<\/strong><br \/>Notre objectif est clair, net et pr\u00e9cis, nous voulons terminer cette saison dans le haut du classement. C\u2019est vrai que nous avons perdu quelques points ces derniers temps, mais rien n\u2019est encore perdu. Notre destin est entre nos mains, \u00e0 nous de faire ce qu\u2019il faut pour remonter la pente. Il faut s\u2019attendre \u00e0 une mission compliqu\u00e9e car personne ne nous fera de cadeau, mais notre exp\u00e9rience ainsi que l\u2019envie de bien faire seront de vrais atouts.<br \/><strong>Sinc\u00e8rement, l\u2019USMA a-t-elle les moyens de revenir en force?<\/strong><br \/>Bien s\u00fbr ! je n\u2019ai aucun doute l\u00e0-dessus. Je suis persuad\u00e9 que nous finirons par relever la t\u00eate car nous sommes en train de travailler avec tout le s\u00e9rieux qu\u2019il faut et, un jour, nous en serons r\u00e9compens\u00e9s. Nous avons v\u00e9cu des moments difficiles mais \u00e0 pr\u00e9sent nous sommes d\u00e9cid\u00e9s \u00e0 faire ce qu\u2019il faut pour remettre l\u2019\u00e9quipe sur les bons rails.<br \/><strong>Votre prochain match vous opposera au MCO, qu\u2019avez-vous \u00e0 nous dire \u00e0 ce sujet ?<\/strong><br \/>C\u2019est une rencontre qu\u2019on doit \u00e0 tout prix remporter si nous voulons retrouver le sourire. Nous savons ce que les membres du staff technique ainsi que les supporters attendent de nous. La balle est dans notre camp, faisons ce qu\u2019il faut pour r\u00e9ussir notre mission. Le MCO est une \u00e9quipe accrocheuse, mais elle n\u2019a rien \u00e0 esp\u00e9rer \u00e0 Bologhine.<br \/><strong>Et il se jouera \u00e0 huis clos\u2026<\/strong><br \/>Nous aurions voulu que nos supporters soient pr\u00e9sents, mais malheureusement ce ne sera pas le cas. Ils nous ont toujours apport\u00e9 un soutien sans faille, leur pr\u00e9sence aurait donn\u00e9 plus de charme \u00e0 cette rencontre. Cette partie se jouera \u00e0 huis clos, mais nous essayerons de la gagner pour eux.<br \/><strong>Sur le plan personnel, \u00eates-vous satisfait de votre retour ?<\/strong><br \/>Je suis rest\u00e9 \u00e0 l\u2019arr\u00eat pendant de nombreux mois \u00e0 cause de la blessure au genou dont j\u2019ai souffert, c\u2019est normal que mon retour se soit fait progressivement. Il ne fallait pas griller les \u00e9tapes, pour l\u2019instant tout est OK, mais j\u2019esp\u00e8re \u00eatre encore plus performant \u00e0 l\u2019avenir. J\u2019ai une grande envie de bien terminer cette saison et \u00e7a me tient \u00e0 c\u0153ur d\u2019atteindre mon but.<br \/><strong>Pensez-vous \u00e0 l\u2019\u00c9quipe nationale ?\u00a0 \u00a0<\/strong><br \/>La s\u00e9lection, c\u2019est sacr\u00e9. J\u2019y pense, mais la priorit\u00e9 est que je retrouve mon top niveau. Une fois que je serai au top de ma forme, je pourrais pr\u00e9tendre \u00e0 une place chez les Verts o\u00f9 la concurrence a toujours \u00e9t\u00e9 rude, et elle l\u2019est toujours, d\u2019ailleurs.<\/p>\n<p><strong>Zouari sera pr\u00e9sent contre le MCO<\/strong><\/p>\n<p>Depuis quelque temps, Abdelkrim Zouari joue avec un bandage qui lui enserre le genou. L\u2019attaquant des Rouge et Noir, \u00e0 l\u2019origine de l\u2019unique but marqu\u00e9 par son \u00e9quipe lors du match de la 21e journ\u00e9e contre le PAC au 5-Juillet, sera pr\u00e9sent ce week-end lors de la r\u00e9ception du MCO \u00e0 Bologhine. Le joueur, qui ne serait pas totalement r\u00e9tabli, continuera donc de tenir son r\u00f4le et aider les siens \u00e0 r\u00e9aliser le meilleur r\u00e9sultat possible, surtout que leur club a besoin plus que jamais des trois points pour respirer et quitter la seconde moiti\u00e9 du classement. L\u2019une des armes offensives des Usmistes, celui qui est consid\u00e9r\u00e9 comme un \u00e9l\u00e9ment-cl\u00e9 dans le onze, tentera de bien accomplir son r\u00f4le pour esp\u00e9rer participer \u00e0 cette premi\u00e8re victoire tant attendue puisque les champions sortants n\u2019ont fait qu\u2019encha\u00eener les d\u00e9faites et les nuls lors de cette phase retour.<br \/><strong>Il a eu droit \u00e0 une s\u00e9ance de soins<\/strong><br \/>Ce qu\u2019il faut savoir aussi, c\u2019est que Abdelkrim Zouari a \u00e9t\u00e9 l\u2019un des premiers joueurs \u00e0 se pr\u00e9senter au stade Omar-Hamadi, hier, o\u00f9 il a \u00e9t\u00e9 pris en charge par les membres du staff m\u00e9dical qui lui ont fait subir un programme sp\u00e9cifique dont le but est de le soulager des douleurs qu\u2019il ressent toujours. Ayant pour but de le pr\u00e9parer afin qu\u2019il soit le plus performant possible lors de la r\u00e9ception du MCO, ce samedi, \u00e0 Bologhine, l\u2019ex-joueur de l\u2019USMBA ne cesse de fournir les efforts qu\u2019il faut pour retrouver le top de sa forme et terminer ainsi la saison en beaut\u00e9. L\u2019un des grands artisans du dernier titre de champion remport\u00e9 lors de l\u2019exercice \u00e9coul\u00e9 gr\u00e2ce \u00e0 ses buts et son apport d\u00e8s qu\u2019il a rejoint le club. Zouari souhaite \u00e0 pr\u00e9sent bien clore cette seconde moiti\u00e9 de saison afin de montrer qu\u2019il est bel et bien loin d\u2019\u00eatre fini.<br \/><strong>Zeghdoud a besoin de tout le monde<\/strong><br \/>Le fait que Abdelkrim Zouari soit op\u00e9rationnel pour le match de ce week-end ne devra que r\u00e9jouir Mounir Zeghdoud et les membres de son staff car ces derniers ont besoin de tout le monde pour remonter la pente apr\u00e8s un passage \u00e0 vide qui dure depuis plusieurs semaines. Ayant pu r\u00e9cup\u00e9rer deux \u00e9l\u00e9ments, qui \u00e9taient suspendus face au PAC, \u00e0 savoir Ly\u00e8s Oukkal et Taher Benkhelifa, le coach disposera d\u2019assez de choix pour former son onze et verra plusieurs options se pr\u00e9senter \u00e0 lui afin de renforcer tous les compartiments. \u00c0 lui \u00e0 pr\u00e9sent de faire les bons choix pour une victoire qui ne fera que du bien \u00e0 ses prot\u00e9g\u00e9s et leur permettra d\u2019aborder la suite du parcours avec un moral au beau fixe.<br \/>\u00a0<\/p>\n<p><strong>Publi\u00e9 dans :<\/strong> <span>USMA<\/span> <span>Chita<\/span> <span>Zeghdoud<\/span> <span>Zouari<\/span><\/p>\n<\/div>\n<p>Auteur:<br \/>\n<a href=\"http:\/\/www.lebuteur.com\/article\/detail?titre=usma-chita-lusma-finira-par-relever-la-tete&#038;id=95216&#038;utm_source=feedburner&#038;utm_medium=feed&#038;utm_campaign=Feed%3A+GalerieFArtciles+%28Les+derniers+articles++-+lebuteur.com%29\">Cliquez ici pour lire l&rsquo;article depuis sa source.<\/a><\/p>\n","protected":false},"excerpt":{"rendered":"<p>Auteur : Adel Cheraki mardi 10 mars 2020 14:24 Laiss\u00e9 sur le banc des rempla\u00e7ants lors du grand derby de la capitale, Oussama Chita a retrouv\u00e9 sa place dans le onze contre la JSS. Le milieu de terrain international a \u00e9t\u00e9 reconduit face au PAC. L\u2019un des meilleurs joueurs sur le terrain, celui que nous [&hellip;]<\/p>\n","protected":false},"author":1738,"featured_media":78661,"comment_status":"closed","ping_status":"closed","sticky":false,"template":"","format":"standard","meta":{"fifu_image_url":"","fifu_image_alt":"","footnotes":""},"categories":[53,75],"tags":[],"class_list":["post-78660","post","type-post","status-publish","format-standard","has-post-thumbnail","hentry","category-algerie","category-sport"],"_links":{"self":[{"href":"https:\/\/linitiative.ca\/International\/wp-json\/wp\/v2\/posts\/78660","targetHints":{"allow":["GET"]}}],"collection":[{"href":"https:\/\/linitiative.ca\/International\/wp-json\/wp\/v2\/posts"}],"about":[{"href":"https:\/\/linitiative.ca\/International\/wp-json\/wp\/v2\/types\/post"}],"author":[{"embeddable":true,"href":"https:\/\/linitiative.ca\/International\/wp-json\/wp\/v2\/users\/1738"}],"replies":[{"embeddable":true,"href":"https:\/\/linitiative.ca\/International\/wp-json\/wp\/v2\/comments?post=78660"}],"version-history":[{"count":0,"href":"https:\/\/linitiative.ca\/International\/wp-json\/wp\/v2\/posts\/78660\/revisions"}],"wp:featuredmedia":[{"embeddable":true,"href":"https:\/\/linitiative.ca\/International\/wp-json\/"}],"wp:attachment":[{"href":"https:\/\/linitiative.ca\/International\/wp-json\/wp\/v2\/media?parent=78660"}],"wp:term":[{"taxonomy":"category","embeddable":true,"href":"https:\/\/linitiative.ca\/International\/wp-json\/wp\/v2\/categories?post=78660"},{"taxonomy":"post_tag","embeddable":true,"href":"https:\/\/linitiative.ca\/International\/wp-json\/wp\/v2\/tags?post=78660"}],"curies":[{"name":"wp","href":"https:\/\/api.w.org\/{rel}","templated":true}]}}