{"id":78662,"date":"2020-03-10T15:15:15","date_gmt":"2020-03-10T19:15:15","guid":{"rendered":"https:\/\/linitiative.ca\/International\/ligue-1-2-crb-selmi-decus-mais-determines-a-rebondir-face-au-pac\/"},"modified":"2020-03-10T15:15:15","modified_gmt":"2020-03-10T19:15:15","slug":"ligue-1-2-crb-selmi-decus-mais-determines-a-rebondir-face-au-pac","status":"publish","type":"post","link":"https:\/\/linitiative.ca\/International\/ligue-1-2-crb-selmi-decus-mais-determines-a-rebondir-face-au-pac\/","title":{"rendered":"Ligue 1 &amp; 2 : CRB : Selmi \u00abD\u00e9\u00e7us mais d\u00e9termin\u00e9s \u00e0 rebondir face au PAC\u00bb"},"content":{"rendered":"<div readability=\"32\">\n<p>Auteur : <span>Islam Tazibt<\/span> <span class=\"time\">mardi 10 mars 2020 14:24<\/span><\/p>\n<\/div>\n<div id=\"post_core\" readability=\"150\">\n<p><strong>Un mot sur ce match nul conc\u00e9d\u00e9 face \u00e0 l\u2019ASO Chlef ?<\/strong><br \/>La d\u00e9ception est grande, naturellement. On s\u2019est d\u00e9plac\u00e9s \u00e0 Chlef avec l\u2019intention d\u2019encha\u00eener et de confirmer notre succ\u00e8s face \u00e0 la JSK. On \u00e9tait sur le point de le faire, malheureusement, on s\u2019est fait rejoindre en fin de match. Comme ce fut le cas \u00e0 Magra et Biskra, on laisse encore filer des points alors qu\u2019on pouvait esp\u00e9rer plus qu\u2019un match nul. Mais bon, cette d\u00e9ception ne fera que nous pousser \u00e0 aller chercher un succ\u00e8s lors de notre prochaine rencontre.<\/p>\n<p><strong>Qu\u2019est-ce qui vous manquait pour revenir avec les trois points de la victoire ?<\/strong><br \/>Je pense qu\u2019on a bien d\u00e9marr\u00e9. Le d\u00e9but de match \u00e9tait en notre faveur. On a eu la mainmise sur le ballon et on s\u2019est cr\u00e9\u00e9 plusieurs occasions dangereuses qui auraient pu nous permettre d\u2019ouvrir la marque. Mais faute de pr\u00e9cision, on n\u2019a pas r\u00e9ussi \u00e0 le faire. Et puis, on a encaiss\u00e9 un but qui nous a secou\u00e9s. Au retour des vestiaires, la r\u00e9action \u00e9tait positive mais tout \u00e7a n\u2019a pas suffi pour repartir avec les trois points.<\/p>\n<p><strong>Apr\u00e8s ce nul, vous c\u00e9dez du terrain \u00e0 vos poursuivants, notamment \u00e0 l\u2019ESS qui revient en force\u2026<\/strong><br \/>Ce n\u2019est pas le moment de voir ou de parler des autres clubs. Je pense que le plus important serait de rester concentr\u00e9s sur notre travail et sur nos performances. Le reste est secondaire. Certes, il y a des clubs qui reviennent en force, comme S\u00e9tif que vous avez cit\u00e9, mais notre destin est toujours entre nos mains.<br \/><strong>Comment se pr\u00e9sente pour vous les deux prochains matchs de championnat qui auront lieu au 20-Ao\u00fbt ?<\/strong><br \/>Comme je l\u2019ai dit auparavant, on doit r\u00e9agir sur notre terrain. On aura l\u2019occasion d\u2019encha\u00eener deux rencontres au 20-Ao\u00fbt, \u00e0 nous d\u2019en profiter pour d\u00e9crocher les six points qui seront mis en jeu. Mais il faudra surtout aborder les matchs les uns apr\u00e8s les autres. Donc, on restera concentr\u00e9s sur le PAC, avant de parler de Bel Abb\u00e8s.<\/p>\n<p><strong>Un dernier mot pour conclure ?<\/strong><br \/>On sera, de nouveau, priv\u00e9s de nos supporters mais cela n\u2019enl\u00e8ve rien \u00e0 notre d\u00e9termination d\u2019\u00eatre \u00e0 la hauteur de leurs attentes. Je sais qu\u2019ils sont un peu d\u00e9\u00e7us du nul conc\u00e9d\u00e9 \u00e0 Chlef, tout comme nous d\u2019ailleurs, mais je leurs promets qu\u2019on fera tout pour leur offrir une victoire le week-end prochain.<br \/>\u00a0<\/p>\n<p><strong>Le CRB toujours aussi fragile \u00e0 l\u2019ext\u00e9rieur !<\/strong><\/p>\n<p>S\u00e9ch\u00e9 par l\u2019ASO Chlef, samedi dernier, le Chabab de Belouizdad a conc\u00e9d\u00e9 sa troisi\u00e8me contre-performance lors de ses trois derniers matchs \u00e0 l\u2019ext\u00e9rieur. Pire, le club de La\u00e2quiba confirme les sympt\u00f4mes d\u00e9j\u00e0 constat\u00e9s lors de la fin de la phase aller quand le club avait aussi encha\u00een\u00e9 trois d\u00e9placement manqu\u00e9s (deux d\u00e9faites face au CSC et l\u2019USMA, et un nul contre le MCA). Inqui\u00e9tant \u00e0 deux semaines d\u2019un d\u00e9placement \u00e0 S\u00e9tif qui s\u2019annonce d\u2019ores et d\u00e9j\u00e0 d\u00e9cisif.<\/p>\n<p><strong>Dumas, c\u2019est triste<\/strong><br \/>Si le Chabab de Belouizdad pique du nez depuis le d\u00e9but de 2020, les sympt\u00f4mes de son mal \u00eatre semblent pourtant plus anciens. Voil\u00e0 depuis le d\u00e9but de la phase retour qu\u2019on cherche \u00e0 modifier compl\u00e8tement la fa\u00e7on de jouer d\u2019une \u00e9quipe qui restait sur plusieurs exploits sous la coupe de l\u2019ex-coach Amrani. On a voulu passer le cap d\u2019un football plus offensif et cr\u00e9atif sous l\u2019\u00e9gide de Franck Dumas. Mais l\u2019ancien entraineur de la JSK, qui n\u2019a pas cess\u00e9 de changer sa composante de d\u00e9part depuis sa prise de fonctions, a surtout bidouill\u00e9 tactiquement, mettant en place le 4-4-2 losange, occasionnellement transcendant, et exp\u00e9rimentant le 4-1-4-1, en vigueur avec Amrani, lors de la d\u00e9faite \u00e0 Biskra. Mais au-del\u00e0 de l\u2019alignement tactique et de la composante de l\u2019\u00e9quipe, c\u2019est l\u2019animation, rarement virevoltante, quasi vierge de compl\u00e9mentarit\u00e9 et de circuits pr\u00e9f\u00e9rentiels, qui inqui\u00e8te. L\u2019on mise alors sur les individualit\u00e9s : Amir Sayoud, du haut de ses acc\u00e9l\u00e9rations, ses buts et passes d\u00e9cisives, se pose comme le seul joueur capable de fluidifier et mettre du liant dans un collectif qui ressemble souvent \u00e0 un puzzle \u00e9parpill\u00e9.<br \/>\u00a0<\/p>\n<p><strong>Comme son cong\u00e9 tire \u00e0 sa fin<\/strong><\/p>\n<p><strong>Amrouche toujours dans le flou<\/strong><\/p>\n<p>Contraint \u00e0 prendre son cong\u00e9 d\u2019un mois, Lotfi Amrouche voit sa p\u00e9riode de repos prendre fin. Alors qu\u2019il devrait compara\u00eetre devant la commission de discipline pour s\u2019expliquer sur l\u2019incident qui a eu lieu avant le d\u00e9part de l\u2019\u00e9quipe \u00e0 Magra entre lui et un membre de l\u2019\u00e9quipe de communication, un flou total plane sur son avenir avec le Chabab de Belouizdad. D\u2019ailleurs, nombreux sont ceux qui ont demand\u00e9 le retour du technicien au sein du staff, surtout apr\u00e8s les derniers r\u00e9sultats enregistr\u00e9s par l\u2019\u00e9quipe. N\u00e9anmoins, une source bien inform\u00e9e nous a confi\u00e9 que les chances de son retour sont minimes.<\/p>\n<p><strong>Il n\u2019a toujours pas r\u00e9sili\u00e9 son contrat<\/strong><br \/>Contrairement \u00e0 ce qui a \u00e9t\u00e9 dit \u00e7\u00e0 et l\u00e0 ces derniers jours, Lotfi Amrouche n\u2019a toujours pas r\u00e9sili\u00e9 son contrat. D\u2019ailleurs, aucune annonce officielle n\u2019a \u00e9t\u00e9 faite dans sens, ni par les dirigeants du club, ni sur la page Facebook du club. Ainsi, \u00e0 d\u00e9faut de le limoger pour faute grave et de mettre fin \u00e0 son contrat, la direction du Chabab de Belouizdad devra n\u00e9gocier avec Amrouche et tenter de trouver un accord pour une r\u00e9siliation \u00e0 l\u2019amiable. Une r\u00e9siliation qui ne sera pas lourde de cons\u00e9quences sur le plan financier.<br \/>\u00a0<\/p>\n<p><strong>Il a pass\u00e9 des examens approfondis<\/strong><\/p>\n<p><strong>Rechute au m\u00e9tatarse pour Soumana ?<\/strong><\/p>\n<p>Moins de 24 heures avant de se rendre \u00e0 Chlef, Soumana s\u2019est plaint de douleurs au niveau de l\u2019avant-pied, \u00e0 l\u2019entrainement. Le Nig\u00e9rien a \u00e9t\u00e9 m\u00e9nag\u00e9 \u00e0 la derni\u00e8re minute. Selon une source bien inform\u00e9e, l\u2019attaquant nig\u00e9rien souffre d\u2019une douleur au niveau du cinqui\u00e8me m\u00e9tatarsien. L\u00e0 m\u00eame o\u00f9 il s\u2019\u00e9tait bless\u00e9 l\u2019\u00e9t\u00e9 dernier. Le joueur a effectu\u00e9 hier des examens m\u00e9dicaux. Les heures \u00e0 venir d\u00e9termineront s\u2019il s\u2019agit de simples sensations n\u00e9gatives ou d\u2019une rechute.<\/p>\n<p><strong>Il a \u00e9t\u00e9 retenu avec le Niger<\/strong><br \/>Par ailleurs, nous avons appris que l\u2019attaquant belouizdadi a \u00e9t\u00e9 retenu avec la s\u00e9lection nig\u00e9rienne pour la prochaine double confrontation face \u00e0 l\u2019Ethiopie, dans le cadre des \u00e9liminatoires de la prochaine Coupe d\u2019Afrique des nations. Le joueur belouizdadi ne sait toujours pas s\u2019il pourra r\u00e9pondre favorablement \u00e0 cette convocation. En tout cas, Soumana sera fix\u00e9 d\u2019ici les prochaines heures. Les membres du staff technique croisent les doigts pour leur attaquant.<br \/>\u00a0<\/p>\n<p><strong>Publi\u00e9 dans :<\/strong> <span>CRB<\/span> <span>Amrouche<\/span> <span>Dumas<\/span> <span>Soumana<\/span><\/p>\n<\/div>\n<p>Auteur:<br \/>\n<a href=\"http:\/\/www.lebuteur.com\/article\/detail?titre=crb-selmi-decus-mais-determines-a-rebondir-face-au-pac&#038;id=95215&#038;utm_source=feedburner&#038;utm_medium=feed&#038;utm_campaign=Feed%3A+GalerieFArtciles+%28Les+derniers+articles++-+lebuteur.com%29\">Cliquez ici pour lire l&rsquo;article depuis sa source.<\/a><\/p>\n","protected":false},"excerpt":{"rendered":"<p>Auteur : Islam Tazibt mardi 10 mars 2020 14:24 Un mot sur ce match nul conc\u00e9d\u00e9 face \u00e0 l\u2019ASO Chlef ?La d\u00e9ception est grande, naturellement. On s\u2019est d\u00e9plac\u00e9s \u00e0 Chlef avec l\u2019intention d\u2019encha\u00eener et de confirmer notre succ\u00e8s face \u00e0 la JSK. On \u00e9tait sur le point de le faire, malheureusement, on s\u2019est fait rejoindre [&hellip;]<\/p>\n","protected":false},"author":1738,"featured_media":78663,"comment_status":"closed","ping_status":"closed","sticky":false,"template":"","format":"standard","meta":{"fifu_image_url":"","fifu_image_alt":"","footnotes":""},"categories":[53,75],"tags":[],"class_list":["post-78662","post","type-post","status-publish","format-standard","has-post-thumbnail","hentry","category-algerie","category-sport"],"_links":{"self":[{"href":"https:\/\/linitiative.ca\/International\/wp-json\/wp\/v2\/posts\/78662","targetHints":{"allow":["GET"]}}],"collection":[{"href":"https:\/\/linitiative.ca\/International\/wp-json\/wp\/v2\/posts"}],"about":[{"href":"https:\/\/linitiative.ca\/International\/wp-json\/wp\/v2\/types\/post"}],"author":[{"embeddable":true,"href":"https:\/\/linitiative.ca\/International\/wp-json\/wp\/v2\/users\/1738"}],"replies":[{"embeddable":true,"href":"https:\/\/linitiative.ca\/International\/wp-json\/wp\/v2\/comments?post=78662"}],"version-history":[{"count":0,"href":"https:\/\/linitiative.ca\/International\/wp-json\/wp\/v2\/posts\/78662\/revisions"}],"wp:featuredmedia":[{"embeddable":true,"href":"https:\/\/linitiative.ca\/International\/wp-json\/"}],"wp:attachment":[{"href":"https:\/\/linitiative.ca\/International\/wp-json\/wp\/v2\/media?parent=78662"}],"wp:term":[{"taxonomy":"category","embeddable":true,"href":"https:\/\/linitiative.ca\/International\/wp-json\/wp\/v2\/categories?post=78662"},{"taxonomy":"post_tag","embeddable":true,"href":"https:\/\/linitiative.ca\/International\/wp-json\/wp\/v2\/tags?post=78662"}],"curies":[{"name":"wp","href":"https:\/\/api.w.org\/{rel}","templated":true}]}}