{"id":78666,"date":"2020-03-10T08:00:00","date_gmt":"2020-03-10T12:00:00","guid":{"rendered":"https:\/\/linitiative.ca\/International\/un-master-professionnel-dans-la-lutte-contre-les-crimes-economiques-et-financiers\/"},"modified":"2020-03-10T08:00:00","modified_gmt":"2020-03-10T12:00:00","slug":"un-master-professionnel-dans-la-lutte-contre-les-crimes-economiques-et-financiers","status":"publish","type":"post","link":"https:\/\/linitiative.ca\/International\/un-master-professionnel-dans-la-lutte-contre-les-crimes-economiques-et-financiers\/","title":{"rendered":"Un master professionnel dans la lutte contre les crimes \u00e9conomiques et financiers"},"content":{"rendered":"<p>Il s\u2019agit notamment de la cr\u00e9ation et du lancement s\u2019une nouvelle sp\u00e9cialit\u00e9 pour le master professionnel dans la lutte contre les crimes \u00e9conomiques et financiers, au profit des cadres officiers de la gendarmerie qui suivent des \u00e9tudes sup\u00e9rieurs \u00e0 l\u2019universit\u00e9.<\/p>\n<p>Cette nouvelle sp\u00e9cialit\u00e9 intervient en vertu d\u2019une convention bilat\u00e9rale conclue entre la direction des \u00e9coles relevant de la Gendarmerie nationale et l\u2019universit\u00e9 Alger 3.<\/p>\n<p>\u00a0Cette sp\u00e9cialit\u00e9 s\u2019inscrit dans le cadre de la coop\u00e9ration entre le minist\u00e8re de la D\u00e9fense nationale repr\u00e9sent\u00e9 par le Commandement de la gendarmerie nationale et le minist\u00e8re de l\u2019Enseignement sup\u00e9rieur et de la recherche scientifique, particuli\u00e8rement dans son volet li\u00e9 \u00e0 la formation universitaire sup\u00e9rieure suivant le syst\u00e8me LMD et l\u2019\u00e9change d\u2019exp\u00e9riences cognitives et professionnelles dans divers domaines d\u2019int\u00e9r\u00eat commun. \u00ab Cette sp\u00e9cialit\u00e9, qui sera introduite pour la premi\u00e8re fois sur le plan national en partenariat avec universit\u00e9 \u00e0 partir de l\u2019ann\u00e9e universitaire 2020-2021 d\u2019une dur\u00e9e de 247 mois, vise \u00e0 \u00abasseoir les concepts th\u00e9oriques des techniques notamment des investigations dans les affaires de blanchiment d\u2019argent, la gestion des budgets\u00a0\u00bb . Aussi, la nouvelle formation est cens\u00e9e permettre aux cadres cibl\u00e9s de s\u2019adapter aux d\u00e9veloppements survenus au sein de la soci\u00e9t\u00e9, conform\u00e9ment aux lois et r\u00e8glements en vigueur, et ce au diapason des changements enregistr\u00e9s dans les domaines li\u00e9s \u00e0 la s\u00e9curit\u00e9 du pays et du citoyen.<\/p>\n<p><strong>Neila B\/ R\u00e9daction Web<\/strong><\/p>\n<p>Auteur: elmoudjahid<br \/>\n<a href=\"http:\/\/www.elmoudjahid.com\/fr\/actualites\/149635\">Cliquez ici pour lire l&rsquo;article depuis sa source.<\/a><\/p>\n","protected":false},"excerpt":{"rendered":"<p>Il s\u2019agit notamment de la cr\u00e9ation et du lancement s\u2019une nouvelle sp\u00e9cialit\u00e9 pour le master professionnel dans la lutte contre les crimes \u00e9conomiques et financiers, au profit des cadres officiers de la gendarmerie qui suivent des \u00e9tudes sup\u00e9rieurs \u00e0 l\u2019universit\u00e9. Cette nouvelle sp\u00e9cialit\u00e9 intervient en vertu d\u2019une convention bilat\u00e9rale conclue entre la direction des \u00e9coles [&hellip;]<\/p>\n","protected":false},"author":1744,"featured_media":0,"comment_status":"closed","ping_status":"closed","sticky":false,"template":"","format":"standard","meta":{"fifu_image_url":"","fifu_image_alt":"","footnotes":""},"categories":[73,53],"tags":[],"class_list":["post-78666","post","type-post","status-publish","format-standard","hentry","category-actualite","category-algerie"],"_links":{"self":[{"href":"https:\/\/linitiative.ca\/International\/wp-json\/wp\/v2\/posts\/78666","targetHints":{"allow":["GET"]}}],"collection":[{"href":"https:\/\/linitiative.ca\/International\/wp-json\/wp\/v2\/posts"}],"about":[{"href":"https:\/\/linitiative.ca\/International\/wp-json\/wp\/v2\/types\/post"}],"author":[{"embeddable":true,"href":"https:\/\/linitiative.ca\/International\/wp-json\/wp\/v2\/users\/1744"}],"replies":[{"embeddable":true,"href":"https:\/\/linitiative.ca\/International\/wp-json\/wp\/v2\/comments?post=78666"}],"version-history":[{"count":0,"href":"https:\/\/linitiative.ca\/International\/wp-json\/wp\/v2\/posts\/78666\/revisions"}],"wp:attachment":[{"href":"https:\/\/linitiative.ca\/International\/wp-json\/wp\/v2\/media?parent=78666"}],"wp:term":[{"taxonomy":"category","embeddable":true,"href":"https:\/\/linitiative.ca\/International\/wp-json\/wp\/v2\/categories?post=78666"},{"taxonomy":"post_tag","embeddable":true,"href":"https:\/\/linitiative.ca\/International\/wp-json\/wp\/v2\/tags?post=78666"}],"curies":[{"name":"wp","href":"https:\/\/api.w.org\/{rel}","templated":true}]}}