{"id":78668,"date":"2020-03-10T11:25:00","date_gmt":"2020-03-10T15:25:00","guid":{"rendered":"https:\/\/linitiative.ca\/International\/ministre-de-linterieur-des-parties-exterieures-soutiennent-des-elements-connus-qui-oeuvrent-a-detruire-le-pays\/"},"modified":"2020-03-10T11:25:00","modified_gmt":"2020-03-10T15:25:00","slug":"ministre-de-linterieur-des-parties-exterieures-soutiennent-des-elements-connus-qui-oeuvrent-a-detruire-le-pays","status":"publish","type":"post","link":"https:\/\/linitiative.ca\/International\/ministre-de-linterieur-des-parties-exterieures-soutiennent-des-elements-connus-qui-oeuvrent-a-detruire-le-pays\/","title":{"rendered":"Ministre de l\u2019Int\u00e9rieur : Des parties ext\u00e9rieures soutiennent des \u00e9l\u00e9ments  connus qui \u0153uvrent \u00e0 d\u00e9truire le pays"},"content":{"rendered":"<p>\u00ab\u00a0Ces parties \u00e9trang\u00e8res soutiennent des \u00e9l\u00e9ments connus aux intentions claires et \u0153uvrent par leur biais \u00e0 d\u00e9truire le pays, le faire retourner\u00a0<\/p>\n<p>aux ann\u00e9es pr\u00e9c\u00e9dentes et le plonger dans des probl\u00e8mes\u00a0\u00bb, a indiqu\u00e9 le ministre lors de l&rsquo;inauguration du si\u00e8ge de la s\u00fbret\u00e9 de la da\u00efra d\u2019Ourlal.Kamel Beldjoud a \u00e9galement ajout\u00e9 qu\u2019 \u00a0\u00bb (&#8230;) il existe encore des \u00e9l\u00e9ments qui veulent d\u00e9truire ce \u00e0 quoi est parvenu le Hirak populaire et sortent les mardi et vendredi avec les manifestants \u0153uvrant pour l\u2019escalade\u00a0\u00bb, tout en soulignant que l\u2019Alg\u00e9rie est entr\u00e9e dans l\u2019\u00e8re de la nouvelle R\u00e9publique dans laquelle le pr\u00e9sident de la R\u00e9publique Abdelmadjid Tebboune s\u2019est engag\u00e9 \u00e0 concr\u00e9tiser toutes les revendications du Hirak.<\/p>\n<p>M. Beldjoud a salu\u00e9 le professionnalisme des \u00e9l\u00e9ments de la police dans leur accompagnement du Hirak depuis plus d\u2019une ann\u00e9e, invitant le peuple alg\u00e9rien \u00e0 faire montre de vigilance.Le ministre de l\u2019Int\u00e9rieur, des Collectivit\u00e9s locales et de l\u2019Am\u00e9nagement du territoire poursuivra sa visite dans la wilaya de Biskra\u00a0 en se rendant \u00e0 la commune d\u2019Oumeche o\u00f9 il donnera le coup d\u2019envoi de la r\u00e9alisation d\u2019un chemin communal, avant d\u2019inaugurer le si\u00e8ge de la s\u00fbret\u00e9 de da\u00efra de M\u2019chouneche, puis une unit\u00e9 principale de la protection civile au chef-lieu de wilaya.(APS)<\/p>\n<p>Auteur: elmoudjahid<br \/>\n<a href=\"http:\/\/www.elmoudjahid.com\/fr\/actualites\/149637\">Cliquez ici pour lire l&rsquo;article depuis sa source.<\/a><\/p>\n","protected":false},"excerpt":{"rendered":"<p>\u00ab\u00a0Ces parties \u00e9trang\u00e8res soutiennent des \u00e9l\u00e9ments connus aux intentions claires et \u0153uvrent par leur biais \u00e0 d\u00e9truire le pays, le faire retourner\u00a0 aux ann\u00e9es pr\u00e9c\u00e9dentes et le plonger dans des probl\u00e8mes\u00a0\u00bb, a indiqu\u00e9 le ministre lors de l&rsquo;inauguration du si\u00e8ge de la s\u00fbret\u00e9 de la da\u00efra d\u2019Ourlal.Kamel Beldjoud a \u00e9galement ajout\u00e9 qu\u2019 \u00a0\u00bb (&#8230;) il [&hellip;]<\/p>\n","protected":false},"author":1744,"featured_media":0,"comment_status":"closed","ping_status":"closed","sticky":false,"template":"","format":"standard","meta":{"fifu_image_url":"","fifu_image_alt":"","footnotes":""},"categories":[73,53],"tags":[],"class_list":["post-78668","post","type-post","status-publish","format-standard","hentry","category-actualite","category-algerie"],"_links":{"self":[{"href":"https:\/\/linitiative.ca\/International\/wp-json\/wp\/v2\/posts\/78668","targetHints":{"allow":["GET"]}}],"collection":[{"href":"https:\/\/linitiative.ca\/International\/wp-json\/wp\/v2\/posts"}],"about":[{"href":"https:\/\/linitiative.ca\/International\/wp-json\/wp\/v2\/types\/post"}],"author":[{"embeddable":true,"href":"https:\/\/linitiative.ca\/International\/wp-json\/wp\/v2\/users\/1744"}],"replies":[{"embeddable":true,"href":"https:\/\/linitiative.ca\/International\/wp-json\/wp\/v2\/comments?post=78668"}],"version-history":[{"count":0,"href":"https:\/\/linitiative.ca\/International\/wp-json\/wp\/v2\/posts\/78668\/revisions"}],"wp:attachment":[{"href":"https:\/\/linitiative.ca\/International\/wp-json\/wp\/v2\/media?parent=78668"}],"wp:term":[{"taxonomy":"category","embeddable":true,"href":"https:\/\/linitiative.ca\/International\/wp-json\/wp\/v2\/categories?post=78668"},{"taxonomy":"post_tag","embeddable":true,"href":"https:\/\/linitiative.ca\/International\/wp-json\/wp\/v2\/tags?post=78668"}],"curies":[{"name":"wp","href":"https:\/\/api.w.org\/{rel}","templated":true}]}}